{"id":5482,"date":"2020-07-31T12:38:55","date_gmt":"2020-07-31T10:38:55","guid":{"rendered":"https:\/\/www.psc-psoe.es\/?p=5482"},"modified":"2020-07-31T12:38:55","modified_gmt":"2020-07-31T10:38:55","slug":"el-pleno-del-ayuntamiento-de-santander-aprueba-las-tres-mociones-presentadas-por-el-grupo-socialista","status":"publish","type":"post","link":"https:\/\/www.psc-psoe.es\/index.php\/2020\/07\/31\/el-pleno-del-ayuntamiento-de-santander-aprueba-las-tres-mociones-presentadas-por-el-grupo-socialista\/","title":{"rendered":"El pleno del Ayuntamiento de Santander aprueba las tres mociones presentadas por el grupo socialista"},"content":{"rendered":"<div class=\"page\" title=\"Page 1\">\n<div class=\"layoutArea\">\n<div class=\"column\">\n<p>Ayer jueves, el pleno del Ayuntamiento de Santander ha aprobado las tres mociones que presentaba el grupo municipal socialista con el portavoz Daniel Fern\u00e1ndez a la cabeza.<\/p>\n<p>De esta manera y gracias a las propuestas del PSOE, se crear\u00e1 el Consejo Escolar Municipal, se implementar\u00e1 la hoja de ruta socialista para El Cabildo y se celebrar\u00e1 el Debate sobre el Estado de la Ciudad propuesta por Daniel Fern\u00e1ndez.<\/p>\n<p>Tambi\u00e9n a propuesta del PSOE se ha retirado, por primera vez en muchos a\u00f1os, un punto del orden del d\u00eda que propon\u00eda aprobar un estudio de detalle para poner una gasolinera en Castilla-Hermida, iniciativa presentada en pro de la seguridad jur\u00eddica.<\/p>\n<p>Adem\u00e1s de estas cuestiones, el grupo socialista ha preguntado por la Polic\u00eda Local, las playas o la suciedad en la ciudad, situaci\u00f3n reiteradamente denunciada por Fern\u00e1ndez.<\/p>\n<p>De esta manera se pone de manifiesto el indudable liderazgo pol\u00edtico ejercido por los concejales socialistas en el pleno santanderino, una labor que bajo la direcci\u00f3n de Fern\u00e1ndez, asegura la defensa de los derechos e intereses de los santanderinos y santanderinas ante los dislates del equipo de gobierno municipal.<\/p>\n<\/div>\n<\/div>\n<\/div>\n","protected":false},"excerpt":{"rendered":"<p>Ayer jueves, el pleno del Ayuntamiento de Santander ha aprobado las tres mociones que presentaba el grupo municipal socialista con el portavoz Daniel Fern\u00e1ndez a la cabeza. De esta manera y gracias a las propuestas del PSOE, se crear\u00e1 el Consejo Escolar Municipal, se implementar\u00e1 la hoja de ruta socialista para El Cabildo y se [&hellip;]<\/p>\n","protected":false},"author":2,"featured_media":4888,"comment_status":"open","ping_status":"closed","sticky":false,"template":"","format":"standard","meta":{"tdm_status":"","tdm_grid_status":"","footnotes":""},"categories":[55],"tags":[],"class_list":["post-5482","post","type-post","status-publish","format-standard","has-post-thumbnail","hentry","category-arco-de-la-bahia"],"_links":{"self":[{"href":"https:\/\/www.psc-psoe.es\/index.php\/wp-json\/wp\/v2\/posts\/5482","targetHints":{"allow":["GET"]}}],"collection":[{"href":"https:\/\/www.psc-psoe.es\/index.php\/wp-json\/wp\/v2\/posts"}],"about":[{"href":"https:\/\/www.psc-psoe.es\/index.php\/wp-json\/wp\/v2\/types\/post"}],"author":[{"embeddable":true,"href":"https:\/\/www.psc-psoe.es\/index.php\/wp-json\/wp\/v2\/users\/2"}],"replies":[{"embeddable":true,"href":"https:\/\/www.psc-psoe.es\/index.php\/wp-json\/wp\/v2\/comments?post=5482"}],"version-history":[{"count":0,"href":"https:\/\/www.psc-psoe.es\/index.php\/wp-json\/wp\/v2\/posts\/5482\/revisions"}],"wp:featuredmedia":[{"embeddable":true,"href":"https:\/\/www.psc-psoe.es\/index.php\/wp-json\/wp\/v2\/media\/4888"}],"wp:attachment":[{"href":"https:\/\/www.psc-psoe.es\/index.php\/wp-json\/wp\/v2\/media?parent=5482"}],"wp:term":[{"taxonomy":"category","embeddable":true,"href":"https:\/\/www.psc-psoe.es\/index.php\/wp-json\/wp\/v2\/categories?post=5482"},{"taxonomy":"post_tag","embeddable":true,"href":"https:\/\/www.psc-psoe.es\/index.php\/wp-json\/wp\/v2\/tags?post=5482"}],"curies":[{"name":"wp","href":"https:\/\/api.w.org\/{rel}","templated":true}]}}