{"id":5386,"date":"2020-07-10T18:17:07","date_gmt":"2020-07-10T16:17:07","guid":{"rendered":"https:\/\/www.psc-psoe.es\/?p=5386"},"modified":"2020-07-14T18:18:50","modified_gmt":"2020-07-14T16:18:50","slug":"el-psoe-solicita-el-expediente-completo-de-las-obras-de-reforma-de-la-biblioteca-municipal-de-santander","status":"publish","type":"post","link":"https:\/\/www.psc-psoe.es\/index.php\/2020\/07\/10\/el-psoe-solicita-el-expediente-completo-de-las-obras-de-reforma-de-la-biblioteca-municipal-de-santander\/","title":{"rendered":"El PSOE solicita el expediente completo de las obras de reforma de la Biblioteca Municipal de Santander"},"content":{"rendered":"<p>El portavoz del PSOE en el Ayuntamiento de Santander, Daniel Fern\u00e1ndez, ha registrado este viernes una solicitud para acceder al expediente completo de las obras de remodelaci\u00f3n de la nueva Biblioteca Municipal de Santander en la sede del antiguo Archivo Hist\u00f3rico Provincial.<\/p>\n<p>En una nota de prensa, Daniel Fern\u00e1ndez ha trasladado su \u201cpreocupaci\u00f3n\u201d tras advertir en la actual legislatura \u201cla misma inercia\u201d de modificados y sobrecostes en las obras que dependen del Ayuntamiento de Santander, y que ascienden a casi 390.000 euros.<\/p>\n<p>Como ha detallado, desde que se inici\u00f3 la legislatura hace un a\u00f1o los socialistas han detectado sobrecostes de 211.000 euros (con un incremento del 9% en los honorarios) en la construcci\u00f3n del edificio La Paz para albergar dependencias municipales, adem\u00e1s de otros 177.000 euros en la reforma de la piscina cubierta municipal del Complejo de La Albericia acometida por el Instituto Municipal de Deportes (IMD). Y tambi\u00e9n ha habido modificados del proyecto en las VPO que acomete la Sociedad Vivienda y Suelo (SVS) en la calle Alta.<\/p>\n<p>En todos los casos se trata de modificaciones de obra justificadas en problemas de cimentaci\u00f3n o de consistencia del terreno, despu\u00e9s de haberse redactado el proyecto seg\u00fan estudios geot\u00e9cnicos encargados por el Ayuntamiento de Santander y que posteriormente ha habido que completar.<\/p>\n<p>Por este motivo, el PSOE quiere conocer si se pod\u00edan haber anticipado las supuestas dificultades en la fase de proyecto, antes de iniciar las obras, y haber evitado as\u00ed los sobrecostes posteriores.<\/p>\n<p>As\u00ed, el portavoz socialista ha asegurado que \u201ccomo principal partido de la oposici\u00f3n, y en nuestra tarea de fiscalizaci\u00f3n de la acci\u00f3n de Gobierno de PP y Ciudadanos, el PSOE va a \u00a0examinar en profundidad toda la documentaci\u00f3n\u201d sobre la Biblioteca Municipal, tras el acuerdo de la Junta de Gobierno Local difundido esta semana en prensa \u201cdel que a\u00fan desconocemos el detalle\u201d.<\/p>\n<p><strong>\u201cO\u00cdDOS SORDOS\u201d A LOS AVISOS PREVIOS<\/strong><\/p>\n<p>Adem\u00e1s, Daniel Fern\u00e1ndez ha recordado los avisos previos sobre los que el PP hizo \u201co\u00eddos sordos\u201d, cuando se present\u00f3 el proyecto en 2015 con las advertencias de investigadores y representantes de la Cultura de que el edificio presenta importantes problemas en su estructura desde hace al menos 30 a\u00f1os.<\/p>\n<p>Por este motivo, subraya el portavoz municipal, los responsables del Archivo hab\u00edan renunciado en los \u00faltimos a\u00f1os a incrementar la documentaci\u00f3n que se conservaba en \u00e9l debido al \u201ctemor a que la estructura del inmueble colapsara\u201d.<\/p>\n<p>El portavoz socialista ha recordado que las obras que se paralizan ahora son en un edificio de 1950, del mismo periodo de la reconstrucci\u00f3n tras el incendio de 1941, al igual que el desalojado n\u00ba13 de la calle Isabel II.<\/p>\n<p><strong>MALA GESTI\u00d3N DEL DINERO DE LOS SANTANDERINOS<\/strong><\/p>\n<p>\u201cPara hacernos una idea de la mala gesti\u00f3n que hace el PP del dinero que recauda en impuestos a todos los santanderinos, la cifra de los sobrecostes supone 90.000 euros m\u00e1s que el supuesto ahorro por la modificaci\u00f3n de la ordenanza de tasas urban\u00edsticas (300.000 euros) ligada al Plan de Choque del COVID-19\u201d, ha explicado el portavoz socialista.<\/p>\n<p>\u201cSe trata del dinero de todos los santanderinos y santanderinas\u201d, ha recalcado, al tiempo que ha recordado el \u201chistorial\u201d de sobrecostes en la ciudad, como los dos millones de euros del MetroTUS, 1.382.000 euros en el puente de la bajada de Polio sobre el parque de Las Llamas o los 200.000 euros del vial de Amparo P\u00e9rez, entre \u201cotros muchos ejemplos\u201d.<\/p>\n<p>\u201cNo vamos a resignarnos a la mala gesti\u00f3n que hace el PP de las obras p\u00fablicas, porque repercute en las arcas municipales y en los bolsillos de los santanderinos; no vamos a permitir que siga esta inercia de constantes modificados, sobrecostes o retrasos en los proyectos\u201d, ha subrayado Fern\u00e1ndez.<\/p>\n<p><strong>LLAMAMIENTO A LA COLABORACI\u00d3N SOBRE PROBLEMAS REALES DE SANTANDER<\/strong><\/p>\n<p>Por este motivo, ha reiterado el \u201cllamamiento\u201d que hizo en el \u00faltimo Pleno Extraordinario a la colaboraci\u00f3n entre partidos y la cooperaci\u00f3n institucional para solucionar \u201clos problemas y retos reales\u201d que tiene Santander, en lugar de \u201cla confrontaci\u00f3n a la que nos tiene acostumbrados el PP en su estrategia hist\u00f3rica de desviar la atenci\u00f3n de su gesti\u00f3n con pol\u00e9micas artificiales\u201d.<\/p>\n<p>\u201cLos ciudadanos quieren que nos pongamos de acuerdo para solucionar sus problemas, y m\u00e1s todav\u00eda en momentos excepcionales como el que atravesamos, no que discutamos entre nosotros. Y tienen raz\u00f3n, porque mientras se discute no se trabaja por la ciudad\u201d, ha sentenciado. <\/p>\n","protected":false},"excerpt":{"rendered":"<p>El portavoz del PSOE en el Ayuntamiento de Santander, Daniel Fern\u00e1ndez, ha registrado este viernes una solicitud para acceder al expediente completo de las obras de remodelaci\u00f3n de la nueva Biblioteca Municipal de Santander en la sede del antiguo Archivo Hist\u00f3rico Provincial. En una nota de prensa, Daniel Fern\u00e1ndez ha trasladado su \u201cpreocupaci\u00f3n\u201d tras advertir [&hellip;]<\/p>\n","protected":false},"author":2,"featured_media":5131,"comment_status":"open","ping_status":"closed","sticky":false,"template":"","format":"standard","meta":{"tdm_status":"","tdm_grid_status":"","footnotes":""},"categories":[14,16,55,25],"tags":[],"class_list":["post-5386","post","type-post","status-publish","format-standard","has-post-thumbnail","hentry","category-notas-de-prensa","category-noticias-santander","category-arco-de-la-bahia","category-actualidad"],"_links":{"self":[{"href":"https:\/\/www.psc-psoe.es\/index.php\/wp-json\/wp\/v2\/posts\/5386","targetHints":{"allow":["GET"]}}],"collection":[{"href":"https:\/\/www.psc-psoe.es\/index.php\/wp-json\/wp\/v2\/posts"}],"about":[{"href":"https:\/\/www.psc-psoe.es\/index.php\/wp-json\/wp\/v2\/types\/post"}],"author":[{"embeddable":true,"href":"https:\/\/www.psc-psoe.es\/index.php\/wp-json\/wp\/v2\/users\/2"}],"replies":[{"embeddable":true,"href":"https:\/\/www.psc-psoe.es\/index.php\/wp-json\/wp\/v2\/comments?post=5386"}],"version-history":[{"count":0,"href":"https:\/\/www.psc-psoe.es\/index.php\/wp-json\/wp\/v2\/posts\/5386\/revisions"}],"wp:featuredmedia":[{"embeddable":true,"href":"https:\/\/www.psc-psoe.es\/index.php\/wp-json\/wp\/v2\/media\/5131"}],"wp:attachment":[{"href":"https:\/\/www.psc-psoe.es\/index.php\/wp-json\/wp\/v2\/media?parent=5386"}],"wp:term":[{"taxonomy":"category","embeddable":true,"href":"https:\/\/www.psc-psoe.es\/index.php\/wp-json\/wp\/v2\/categories?post=5386"},{"taxonomy":"post_tag","embeddable":true,"href":"https:\/\/www.psc-psoe.es\/index.php\/wp-json\/wp\/v2\/tags?post=5386"}],"curies":[{"name":"wp","href":"https:\/\/api.w.org\/{rel}","templated":true}]}}