{"id":5339,"date":"2020-06-25T19:54:04","date_gmt":"2020-06-25T17:54:04","guid":{"rendered":"https:\/\/www.psc-psoe.es\/?p=5339"},"modified":"2020-06-25T19:54:04","modified_gmt":"2020-06-25T17:54:04","slug":"zuloaga-destaca-en-la-iii-feria-del-libro-de-torrelavega-la-importancia-de-avanzar-en-la-nueva-normalidad-a-traves-de-la-cultura","status":"publish","type":"post","link":"https:\/\/www.psc-psoe.es\/index.php\/2020\/06\/25\/zuloaga-destaca-en-la-iii-feria-del-libro-de-torrelavega-la-importancia-de-avanzar-en-la-nueva-normalidad-a-traves-de-la-cultura\/","title":{"rendered":"Zuloaga destaca en la III Feria del Libro de Torrelavega la importancia de \u201cavanzar en la nueva normalidad a trav\u00e9s de la cultura\u201d"},"content":{"rendered":"<p class=\"Cuerpo\">El secretario general del PSC-PSOE y vicepresidente del Gobierno de Cantabria, Pablo Zuloaga, ha destacado la importancia de \u201cavanzar en la nueva normalidad a trav\u00e9s de la cultura\u201d en su empe\u00f1o por impulsar este sector y avanzar en la vuelta a la nueva normalidad.<\/p>\n<p class=\"Cuerpo\">As\u00ed lo ha manifestado Zuloaga tras asistir este jueves a la inauguraci\u00f3n de la tercera edici\u00f3n de la Feria del Libro de Torrelavega donde ha puesto en valor el \u201cesfuerzo y la colaboraci\u00f3n\u201d del Ayuntamiento de la ciudad con el Gobierno de Cantabria.<\/p>\n<p class=\"Cuerpo\">El l\u00edder de los socialistas de Cantabria ha defendido \u201cla necesidad de reactivar la econom\u00eda a trav\u00e9s de la cultura\u201d. \u201cSabemos que la pandemia generada por el COVID-19 nos ha quitado muchos espacios. Es el momento de reactivar nuestras ciudades y que la cultura vuelva a las calles con sus ferias, conciertos y espect\u00e1culos, pero siempre cumpliendo con todas las garant\u00edas de seguridad\u201d, ha resaltado.<\/p>\n<p class=\"Cuerpo\">Pablo Zuloaga ha augurado un \u00e9xito a esta feria del libro de Torrelavega para que los libreros, \u201cun gremio dentro del apartado cultural que lo ha pasado muy mal\u201d, recuperen mucha de la actividad perdida por causa de la crisis sanitaria.<\/p>\n<p class=\"Cuerpo\"><b>La Cultura Contraataca<\/b><\/p>\n<p class=\"Cuerpo\">Iniciativas, ha recordado, como \u201cLa Cultura Contraataca. Misi\u00f3n Itinerante\u201d que se ha presentado hoy en Santa Cruz de Bezana y que recorrer\u00e1 durante un mes m\u00e1s una veintena de municipios con m\u00e1s de un centenar de propuestas, sirven tambi\u00e9n para que \u201cCantabria se llene de cultura, para reactivar nuestra econom\u00eda, para que los trabajadores salgan de los ERTEs, para que la gente de esta tierra vuelva a disfrutar y para que nuestros artistas y creadores recuperen los espacios que hab\u00edamos perdido por culpa la pandemia\u201d.<\/p>\n<p class=\"Cuerpo\">Por \u00faltimo, Pablo Zuloaga, ha recordado alguno de los proyectos m\u00e1s importantes que desde su responsabilidad se impulsan en Torrelavega, destacando el concurso de ideas para la transformaci\u00f3n de La Lechera en un centro art\u00edstico que acoger\u00e1 la Colecci\u00f3n Norte de Arte Contempor\u00e1neo del Gobierno de Cantabria.<\/p>\n","protected":false},"excerpt":{"rendered":"<p>El secretario general del PSC-PSOE y vicepresidente del Gobierno de Cantabria, Pablo Zuloaga, ha destacado la importancia de \u201cavanzar en la nueva normalidad a trav\u00e9s de la cultura\u201d en su empe\u00f1o por impulsar este sector y avanzar en la vuelta a la nueva normalidad. As\u00ed lo ha manifestado Zuloaga tras asistir este jueves a la [&hellip;]<\/p>\n","protected":false},"author":2,"featured_media":5340,"comment_status":"open","ping_status":"closed","sticky":false,"template":"","format":"standard","meta":{"tdm_status":"","tdm_grid_status":"","footnotes":""},"categories":[14,25],"tags":[],"class_list":["post-5339","post","type-post","status-publish","format-standard","has-post-thumbnail","hentry","category-notas-de-prensa","category-actualidad"],"_links":{"self":[{"href":"https:\/\/www.psc-psoe.es\/index.php\/wp-json\/wp\/v2\/posts\/5339","targetHints":{"allow":["GET"]}}],"collection":[{"href":"https:\/\/www.psc-psoe.es\/index.php\/wp-json\/wp\/v2\/posts"}],"about":[{"href":"https:\/\/www.psc-psoe.es\/index.php\/wp-json\/wp\/v2\/types\/post"}],"author":[{"embeddable":true,"href":"https:\/\/www.psc-psoe.es\/index.php\/wp-json\/wp\/v2\/users\/2"}],"replies":[{"embeddable":true,"href":"https:\/\/www.psc-psoe.es\/index.php\/wp-json\/wp\/v2\/comments?post=5339"}],"version-history":[{"count":0,"href":"https:\/\/www.psc-psoe.es\/index.php\/wp-json\/wp\/v2\/posts\/5339\/revisions"}],"wp:featuredmedia":[{"embeddable":true,"href":"https:\/\/www.psc-psoe.es\/index.php\/wp-json\/wp\/v2\/media\/5340"}],"wp:attachment":[{"href":"https:\/\/www.psc-psoe.es\/index.php\/wp-json\/wp\/v2\/media?parent=5339"}],"wp:term":[{"taxonomy":"category","embeddable":true,"href":"https:\/\/www.psc-psoe.es\/index.php\/wp-json\/wp\/v2\/categories?post=5339"},{"taxonomy":"post_tag","embeddable":true,"href":"https:\/\/www.psc-psoe.es\/index.php\/wp-json\/wp\/v2\/tags?post=5339"}],"curies":[{"name":"wp","href":"https:\/\/api.w.org\/{rel}","templated":true}]}}