{"id":5268,"date":"2020-06-09T13:00:15","date_gmt":"2020-06-09T11:00:15","guid":{"rendered":"https:\/\/www.psc-psoe.es\/?p=5268"},"modified":"2020-06-11T11:03:03","modified_gmt":"2020-06-11T09:03:03","slug":"noelia-cobo-preside-la-comision-de-discapacidad-y-es-vicepresidenta-de-la-comision-de-despoblacion","status":"publish","type":"post","link":"https:\/\/www.psc-psoe.es\/index.php\/2020\/06\/09\/noelia-cobo-preside-la-comision-de-discapacidad-y-es-vicepresidenta-de-la-comision-de-despoblacion\/","title":{"rendered":"Noelia Cobo preside la Comisi\u00f3n de Discapacidad y es vicepresidenta de la Comisi\u00f3n de Despoblaci\u00f3n"},"content":{"rendered":"<p class=\"Cuerpo\">El Parlamento de Cantabria ha constituido este martes dos nuevas comisiones no permanentes de discapacidad y despoblaci\u00f3n, respectivamente, una vez retomada la plena actividad de la C\u00e1mara.<\/p>\n<p class=\"Cuerpo\">\u00a0En estas primeras sesiones se ha procedido a elegir a los miembros de la Mesa. La Comisi\u00f3n no permanente de Discapacidad estar\u00e1 presidida por la portavoz socialista Noelia Cobo y en ella participar\u00e1n un total de diez miembros, entre ellos, la diputada socialista, Eva Salm\u00f3n.<\/p>\n<p class=\"Cuerpo\">Asimismo, Cobo se ha convertido en vicepresidenta de la Comisi\u00f3n no permanente de Despoblaci\u00f3n. Comisi\u00f3n en la que tambi\u00e9n estar\u00e1 el diputado socialista, Javier Garc\u00eda-Oliva.<\/p>\n","protected":false},"excerpt":{"rendered":"<p>El Parlamento de Cantabria ha constituido este martes dos nuevas comisiones no permanentes de discapacidad y despoblaci\u00f3n, respectivamente, una vez retomada la plena actividad de la C\u00e1mara. \u00a0En estas primeras sesiones se ha procedido a elegir a los miembros de la Mesa. La Comisi\u00f3n no permanente de Discapacidad estar\u00e1 presidida por la portavoz socialista Noelia [&hellip;]<\/p>\n","protected":false},"author":2,"featured_media":5226,"comment_status":"open","ping_status":"closed","sticky":false,"template":"","format":"standard","meta":{"tdm_status":"","tdm_grid_status":"","footnotes":""},"categories":[14,24,1,25],"tags":[],"class_list":["post-5268","post","type-post","status-publish","format-standard","has-post-thumbnail","hentry","category-notas-de-prensa","category-partido","category-uncategorized","category-actualidad"],"_links":{"self":[{"href":"https:\/\/www.psc-psoe.es\/index.php\/wp-json\/wp\/v2\/posts\/5268","targetHints":{"allow":["GET"]}}],"collection":[{"href":"https:\/\/www.psc-psoe.es\/index.php\/wp-json\/wp\/v2\/posts"}],"about":[{"href":"https:\/\/www.psc-psoe.es\/index.php\/wp-json\/wp\/v2\/types\/post"}],"author":[{"embeddable":true,"href":"https:\/\/www.psc-psoe.es\/index.php\/wp-json\/wp\/v2\/users\/2"}],"replies":[{"embeddable":true,"href":"https:\/\/www.psc-psoe.es\/index.php\/wp-json\/wp\/v2\/comments?post=5268"}],"version-history":[{"count":0,"href":"https:\/\/www.psc-psoe.es\/index.php\/wp-json\/wp\/v2\/posts\/5268\/revisions"}],"wp:featuredmedia":[{"embeddable":true,"href":"https:\/\/www.psc-psoe.es\/index.php\/wp-json\/wp\/v2\/media\/5226"}],"wp:attachment":[{"href":"https:\/\/www.psc-psoe.es\/index.php\/wp-json\/wp\/v2\/media?parent=5268"}],"wp:term":[{"taxonomy":"category","embeddable":true,"href":"https:\/\/www.psc-psoe.es\/index.php\/wp-json\/wp\/v2\/categories?post=5268"},{"taxonomy":"post_tag","embeddable":true,"href":"https:\/\/www.psc-psoe.es\/index.php\/wp-json\/wp\/v2\/tags?post=5268"}],"curies":[{"name":"wp","href":"https:\/\/api.w.org\/{rel}","templated":true}]}}