{"id":5239,"date":"2020-06-04T09:41:51","date_gmt":"2020-06-04T07:41:51","guid":{"rendered":"https:\/\/www.psc-psoe.es\/?p=5239"},"modified":"2025-04-01T15:16:33","modified_gmt":"2025-04-01T14:16:33","slug":"pedro-casares-asegura-que-la-agenda-verde-es-una-oportunidad-para-el-crecimiento-y-la-creacion-de-empleo","status":"publish","type":"post","link":"https:\/\/www.psc-psoe.es\/index.php\/2020\/06\/04\/pedro-casares-asegura-que-la-agenda-verde-es-una-oportunidad-para-el-crecimiento-y-la-creacion-de-empleo\/","title":{"rendered":"Pedro Casares asegura que la Agenda Verde es una oportunidad para el crecimiento y la creaci\u00f3n de empleo"},"content":{"rendered":"<p>El secretario de Infraestructuras y Transportes del PSOE y diputado nacional, Pedro Casares, ha asegurado que la Agenda Verde es una oportunidad para el crecimiento y la creaci\u00f3n de empleo.<\/p>\n<p>Casares se ha expresado as\u00ed durante la comparecencia de la Vicepresidenta Cuarta y ministra de Transici\u00f3n Ecol\u00f3gica, Teresa Ribera, en la comisi\u00f3n para la Reconstrucci\u00f3n Econ\u00f3mica y Social, en la que ha fijado la posici\u00f3n del PSOE sobre los compromisos en esta materia.<\/p>\n<p>En su intervenci\u00f3n, Casares ha asegurado que \u201ctenemos oportunidades de empleo y crecimiento\u201d en la reconstrucci\u00f3n del pa\u00eds si apostamos por la movilidad sostenible, la rehabilitaci\u00f3n urbana, la digitalizaci\u00f3n, la eficiencia energ\u00e9tica, las energ\u00edas renovables, el turismo sostenible, la transici\u00f3n ecol\u00f3gica, la econom\u00eda circular, la reutilizaci\u00f3n de productos, el reto demogr\u00e1fico, la transformaci\u00f3n de la industria o el impulso a la agricultura sostenible y al desarrollo rural.<\/p>\n<p>\u201cSon las mayores oportunidades de crecimiento y creaci\u00f3n de empleo que van a tener Espa\u00f1a y Europa en los pr\u00f3ximos a\u00f1os\u201d ha subrayado el dirigente del PSOE nacional.<\/p>\n<p>A juicio del portavoz de Econom\u00eda de los socialistas, todas estas fuentes de crecimiento del tejido econ\u00f3mico y productivo de nuestro pa\u00eds \u201cest\u00e1n en l\u00ednea con la estrategia de futuro de la Uni\u00f3n Europea\u201d, que fija la sostenibilidad \u201ccomo la columna vertebral\u201d para avanzar en la reconstrucci\u00f3n y la recuperaci\u00f3n econ\u00f3mica y social de Europa.<\/p>\n<p>Adem\u00e1s, Casares ha se\u00f1alado y agradecido que el Gobierno de Espa\u00f1a tambi\u00e9n trabaje en esta direcci\u00f3n como demuestran el Proyecto de Ley de Cambio Clim\u00e1tico, la Estrategia de econom\u00eda circular, la ley de residuos, el Plan Nacional de Energ\u00eda y Clima \u201cque son el mayor avance ambiental en la historia de Espa\u00f1a\u201d.<\/p>\n<p>Para el portavoz de Econom\u00eda del PSOE en la C\u00e1mara Baja, \u201cno es verdad que tengamos que elegir entre desarrollo econ\u00f3mico y sostenibilidad. Son las dos caras de la misma moneda. Nuestro futuro ser\u00e1 verde, ser\u00e1 sostenible, o no ser\u00e1\u201d.<\/p>\n<p>\u201cNadie nos cont\u00f3 que \u00edbamos a vivir la peor crisis de nuestras vidas, pero si sabemos hoy, en realidad desde hace mucho tiempo, que nuestro planeta ya no aguanta m\u00e1s y la amenaza al equilibrio natural es una realidad a la que tenemos que hacer frente\u201d ha enfatizado.<\/p>\n<p>En este sentido, Casares garantiza que la Agenda Verde en la reconstrucci\u00f3n de Espa\u00f1a y de Europa \u201cva a tener un papel protagonista\u201d, pero \u201cno como una amenaza, sino como una oportunidad\u201d.<\/p>\n<p>De la misma forma, ha pedido unidad \u201cpensando en los j\u00f3venes, en toda una generaci\u00f3n que est\u00e1 mirando al Congreso y a esta comisi\u00f3n en busca de propuestas para el futuro\u201d, que pasa por poner en marcha una Agenda Verde.<\/p>\n<p>Finalmente, Pedro Casares ha reiterado la petici\u00f3n de unidad a todas las fuerzas pol\u00edticas para salir de la comisi\u00f3n de Reconstrucci\u00f3n Econ\u00f3mica y Social \u201ccon propuestas, con soluciones y garant\u00edas\u201d para que el pa\u00eds avance \u201cporque est\u00e1 en juego la vida, la econom\u00eda y los empleos\u201d. <\/p>\n","protected":false},"excerpt":{"rendered":"<p>El secretario de Infraestructuras y Transportes del PSOE y diputado nacional, Pedro Casares, ha asegurado que la Agenda Verde es una oportunidad para el crecimiento y la creaci\u00f3n de empleo. Casares se ha expresado as\u00ed durante la comparecencia de la Vicepresidenta Cuarta y ministra de Transici\u00f3n Ecol\u00f3gica, Teresa Ribera, en la comisi\u00f3n para la Reconstrucci\u00f3n [&hellip;]<\/p>\n","protected":false},"author":2,"featured_media":5240,"comment_status":"open","ping_status":"closed","sticky":false,"template":"","format":"standard","meta":{"tdm_status":"","tdm_grid_status":"","footnotes":""},"categories":[14,420,25],"tags":[],"class_list":["post-5239","post","type-post","status-publish","format-standard","has-post-thumbnail","hentry","category-notas-de-prensa","category-pedro-casares","category-actualidad"],"_links":{"self":[{"href":"https:\/\/www.psc-psoe.es\/index.php\/wp-json\/wp\/v2\/posts\/5239","targetHints":{"allow":["GET"]}}],"collection":[{"href":"https:\/\/www.psc-psoe.es\/index.php\/wp-json\/wp\/v2\/posts"}],"about":[{"href":"https:\/\/www.psc-psoe.es\/index.php\/wp-json\/wp\/v2\/types\/post"}],"author":[{"embeddable":true,"href":"https:\/\/www.psc-psoe.es\/index.php\/wp-json\/wp\/v2\/users\/2"}],"replies":[{"embeddable":true,"href":"https:\/\/www.psc-psoe.es\/index.php\/wp-json\/wp\/v2\/comments?post=5239"}],"version-history":[{"count":1,"href":"https:\/\/www.psc-psoe.es\/index.php\/wp-json\/wp\/v2\/posts\/5239\/revisions"}],"predecessor-version":[{"id":10057,"href":"https:\/\/www.psc-psoe.es\/index.php\/wp-json\/wp\/v2\/posts\/5239\/revisions\/10057"}],"wp:featuredmedia":[{"embeddable":true,"href":"https:\/\/www.psc-psoe.es\/index.php\/wp-json\/wp\/v2\/media\/5240"}],"wp:attachment":[{"href":"https:\/\/www.psc-psoe.es\/index.php\/wp-json\/wp\/v2\/media?parent=5239"}],"wp:term":[{"taxonomy":"category","embeddable":true,"href":"https:\/\/www.psc-psoe.es\/index.php\/wp-json\/wp\/v2\/categories?post=5239"},{"taxonomy":"post_tag","embeddable":true,"href":"https:\/\/www.psc-psoe.es\/index.php\/wp-json\/wp\/v2\/tags?post=5239"}],"curies":[{"name":"wp","href":"https:\/\/api.w.org\/{rel}","templated":true}]}}