{"id":5211,"date":"2020-05-27T20:31:33","date_gmt":"2020-05-27T18:31:33","guid":{"rendered":"https:\/\/www.psc-psoe.es\/?p=5211"},"modified":"2020-05-27T20:31:33","modified_gmt":"2020-05-27T18:31:33","slug":"el-psoe-muestra-preocupacion-por-la-situacion-del-minizoo-de-la-magdalena","status":"publish","type":"post","link":"https:\/\/www.psc-psoe.es\/index.php\/2020\/05\/27\/el-psoe-muestra-preocupacion-por-la-situacion-del-minizoo-de-la-magdalena\/","title":{"rendered":"El PSOE muestra preocupaci\u00f3n por la situaci\u00f3n del minizoo de La Magdalena"},"content":{"rendered":"<p>El Grupo Municipal Socialista en el Ayuntamiento de Santander muestra preocupaci\u00f3n por la situaci\u00f3n del minizoo del Palacio de La Magdalena.<\/p>\n<p>As\u00ed reacciona el portavoz del Grupo Municipal Socialista en el consistorio, Daniel Fern\u00e1ndez, tras visualizar las im\u00e1genes de abandono del parque marino, en el que se ha hallado muerto una foca y otra ha aparecido flotando sin sumergirse en unas aguas estancadas y con una capa de musgo\u00a0en su lomo.<\/p>\n<p>Para Fern\u00e1ndez \u201clas im\u00e1genes trasladan una imagen del trato a los animales inconcebible e inadmisible al comprobarse la zona de los leones marinos no tiene agua, encontr\u00e1ndose uno de los leones en situaci\u00f3n de vulnerabilidad emitiendo llantos o rugidos.<\/p>\n<p>Por ello, el portavoz del PSOE anuncia que pedir\u00e1 que se analice el estado de las aguas del minizoo \u201cporque todo parece desprender una dejaci\u00f3n de funciones sobre el estado del parque marino\u201d.<\/p>\n<p>\u201cEl estado de las aguas, con esa sensaci\u00f3n de estar estancadas y con un abandono a su suerte de todos los animales y del conjunto del parque debe ser aclarado, la imagen que se est\u00e1 trasladando de Santander a trav\u00e9s de esas im\u00e1genes es p\u00e9sima\u201d se\u00f1ala Fern\u00e1ndez.<\/p>\n<p>En este sentido, el edil cree que la defunci\u00f3n de las focas y el mal estado de los leones marinos \u201cno parece un hecho aislado ante la situaci\u00f3n de abandono que se desprende de las im\u00e1genes\u201d.<\/p>\n<p>\u201cLas im\u00e1genes que hemos visto son grav\u00edsimas, no se puede tolerar en ning\u00fan lugar del mundo el trato que parecen recibir los animales en el minizoo en estos momentos, pero es sorprendente que en una ciudad que pretende ser un reclamo tur\u00edstico del siglo XXI el maltrato animal sea una se\u00f1a de identidad\u201d censura el edil.<\/p>\n<p>Por \u00faltimo, Daniel Fern\u00e1ndez se\u00f1ala que durante el Pleno del ayuntamiento, este jueves 28 de mayo, realizar\u00e1 \u201cin voce\u201d las preguntas para que se d\u00e9 todos los detalles necesarios de c\u00f3mo se ha llegado a esta situaci\u00f3n y que actuaciones se van a adoptar para solucionar este problema \u201cde forma y de fondo\u201d en el trato dado a los animales en la ciudad. <\/p>\n","protected":false},"excerpt":{"rendered":"<p>El Grupo Municipal Socialista en el Ayuntamiento de Santander muestra preocupaci\u00f3n por la situaci\u00f3n del minizoo del Palacio de La Magdalena. As\u00ed reacciona el portavoz del Grupo Municipal Socialista en el consistorio, Daniel Fern\u00e1ndez, tras visualizar las im\u00e1genes de abandono del parque marino, en el que se ha hallado muerto una foca y otra ha [&hellip;]<\/p>\n","protected":false},"author":2,"featured_media":5212,"comment_status":"open","ping_status":"closed","sticky":false,"template":"","format":"standard","meta":{"tdm_status":"","tdm_grid_status":"","footnotes":""},"categories":[55],"tags":[],"class_list":["post-5211","post","type-post","status-publish","format-standard","has-post-thumbnail","hentry","category-arco-de-la-bahia"],"_links":{"self":[{"href":"https:\/\/www.psc-psoe.es\/index.php\/wp-json\/wp\/v2\/posts\/5211","targetHints":{"allow":["GET"]}}],"collection":[{"href":"https:\/\/www.psc-psoe.es\/index.php\/wp-json\/wp\/v2\/posts"}],"about":[{"href":"https:\/\/www.psc-psoe.es\/index.php\/wp-json\/wp\/v2\/types\/post"}],"author":[{"embeddable":true,"href":"https:\/\/www.psc-psoe.es\/index.php\/wp-json\/wp\/v2\/users\/2"}],"replies":[{"embeddable":true,"href":"https:\/\/www.psc-psoe.es\/index.php\/wp-json\/wp\/v2\/comments?post=5211"}],"version-history":[{"count":0,"href":"https:\/\/www.psc-psoe.es\/index.php\/wp-json\/wp\/v2\/posts\/5211\/revisions"}],"wp:featuredmedia":[{"embeddable":true,"href":"https:\/\/www.psc-psoe.es\/index.php\/wp-json\/wp\/v2\/media\/5212"}],"wp:attachment":[{"href":"https:\/\/www.psc-psoe.es\/index.php\/wp-json\/wp\/v2\/media?parent=5211"}],"wp:term":[{"taxonomy":"category","embeddable":true,"href":"https:\/\/www.psc-psoe.es\/index.php\/wp-json\/wp\/v2\/categories?post=5211"},{"taxonomy":"post_tag","embeddable":true,"href":"https:\/\/www.psc-psoe.es\/index.php\/wp-json\/wp\/v2\/tags?post=5211"}],"curies":[{"name":"wp","href":"https:\/\/api.w.org\/{rel}","templated":true}]}}