{"id":5189,"date":"2020-05-23T16:28:24","date_gmt":"2020-05-23T14:28:24","guid":{"rendered":"https:\/\/www.psc-psoe.es\/?p=5189"},"modified":"2020-05-23T16:32:52","modified_gmt":"2020-05-23T14:32:52","slug":"el-psoe-quiere-recuperar-las-actas-escritas-de-los-plenos-y-que-se-universalice-su-retrasmision-para-toda-la-ciudadania","status":"publish","type":"post","link":"https:\/\/www.psc-psoe.es\/index.php\/2020\/05\/23\/el-psoe-quiere-recuperar-las-actas-escritas-de-los-plenos-y-que-se-universalice-su-retrasmision-para-toda-la-ciudadania\/","title":{"rendered":"El PSOE quiere recuperar las actas escritas de los Plenos y que se universalice su retrasmisi\u00f3n para toda la ciudadan\u00eda"},"content":{"rendered":"<p>El Grupo Municipal Socialista en el Ayuntamiento de Santander propondr\u00e1 en el pr\u00f3ximo Pleno del Ayuntamiento que se recuperen las actas escritas, en las que consten las intervenciones realizadas por los Grupos Pol\u00edticos durante el debate.<\/p>\n<p>Los socialistas santanderinos reclaman que en la web municipal se universalice la retrasmisi\u00f3n de los Plenos, transcribiendo los debates y que tambi\u00e9n se trasmitan en lengua de signos para que las personas con dificultades auditivas puedan seguir las sesiones.<\/p>\n<p>La portavoz adjunta del PSOE, Ana Santurt\u00fan, pide avanzar en un ayuntamiento \u201cm\u00e1s abierto, participativo e integrador\u201d, en el que toda la ciudadan\u00eda pueda hacer uso de los mismos recursos \u201cde una forma f\u00e1cil y transparente\u201d, en una moci\u00f3n que se registrar\u00e1 este lunes, 25 de mayo, para su debate en el pr\u00f3ximo Pleno Municipal, el jueves 28 de mayo.<\/p>\n<p>Santurt\u00fan pide la puesta en marcha de los medios t\u00e9cnicos que permitan que las intervenciones de los miembros de la Corporaci\u00f3n sean emitidas \u201cdando garant\u00edas de accesibilidad universal a la informaci\u00f3n, con int\u00e9rprete y la transcripci\u00f3n simult\u00e1nea de las intervenciones de los diferentes portavoces durante los debates\u201d.<\/p>\n<p>De esta forma, a juicio de la edil socialista, \u201cse obtendr\u00e1 un documento escrito a modo de diario de sesiones que complemente al video del Pleno\u201d y que puede visionarse desde la web municipal.<\/p>\n<p>En este sentido, recuerda que desde el Grupo Municipal Socialista se viene reclamando desde hace a\u00f1os la apuesta por \u201cuna mayor transparencia\u201d que permita a una ciudadan\u00eda, cada vez m\u00e1s informada, \u201cpoder hacer un seguimiento de las acciones que se desarrollan en el Consistorio y que les afectan de manera directa\u201d.<\/p>\n<p>\u201cEl avance en la digitalizaci\u00f3n de todos los recursos en las administraciones p\u00fablicas se ha producido progresivamente, pero sigue siendo una asignatura pendiente en este ayuntamiento, que no ha invertido en los medios t\u00e9cnicos y humanos lo necesario para que el ayuntamiento sea una plena administraci\u00f3n del siglo XXI\u201d, enfatiza.<\/p>\n<p>Por \u00faltimo, Ana Santurt\u00fan destaca que \u201cel objetivo de esta propuesta es la de garantizar y facilitar a toda la ciudadan\u00eda la accesibilidad completa a la informaci\u00f3n municipal y a las actuaciones del Consistorio de una manera \u00e1gil, transparente y directa\u201d. <\/p>\n","protected":false},"excerpt":{"rendered":"<p>El Grupo Municipal Socialista en el Ayuntamiento de Santander propondr\u00e1 en el pr\u00f3ximo Pleno del Ayuntamiento que se recuperen las actas escritas, en las que consten las intervenciones realizadas por los Grupos Pol\u00edticos durante el debate. Los socialistas santanderinos reclaman que en la web municipal se universalice la retrasmisi\u00f3n de los Plenos, transcribiendo los debates [&hellip;]<\/p>\n","protected":false},"author":2,"featured_media":5190,"comment_status":"open","ping_status":"closed","sticky":false,"template":"","format":"standard","meta":{"tdm_status":"","tdm_grid_status":"","footnotes":""},"categories":[55,6],"tags":[],"class_list":["post-5189","post","type-post","status-publish","format-standard","has-post-thumbnail","hentry","category-arco-de-la-bahia","category-agrupaciones"],"_links":{"self":[{"href":"https:\/\/www.psc-psoe.es\/index.php\/wp-json\/wp\/v2\/posts\/5189","targetHints":{"allow":["GET"]}}],"collection":[{"href":"https:\/\/www.psc-psoe.es\/index.php\/wp-json\/wp\/v2\/posts"}],"about":[{"href":"https:\/\/www.psc-psoe.es\/index.php\/wp-json\/wp\/v2\/types\/post"}],"author":[{"embeddable":true,"href":"https:\/\/www.psc-psoe.es\/index.php\/wp-json\/wp\/v2\/users\/2"}],"replies":[{"embeddable":true,"href":"https:\/\/www.psc-psoe.es\/index.php\/wp-json\/wp\/v2\/comments?post=5189"}],"version-history":[{"count":0,"href":"https:\/\/www.psc-psoe.es\/index.php\/wp-json\/wp\/v2\/posts\/5189\/revisions"}],"wp:featuredmedia":[{"embeddable":true,"href":"https:\/\/www.psc-psoe.es\/index.php\/wp-json\/wp\/v2\/media\/5190"}],"wp:attachment":[{"href":"https:\/\/www.psc-psoe.es\/index.php\/wp-json\/wp\/v2\/media?parent=5189"}],"wp:term":[{"taxonomy":"category","embeddable":true,"href":"https:\/\/www.psc-psoe.es\/index.php\/wp-json\/wp\/v2\/categories?post=5189"},{"taxonomy":"post_tag","embeddable":true,"href":"https:\/\/www.psc-psoe.es\/index.php\/wp-json\/wp\/v2\/tags?post=5189"}],"curies":[{"name":"wp","href":"https:\/\/api.w.org\/{rel}","templated":true}]}}