{"id":5176,"date":"2020-05-13T13:14:34","date_gmt":"2020-05-13T11:14:34","guid":{"rendered":"https:\/\/www.psc-psoe.es\/?p=5176"},"modified":"2025-04-01T15:16:33","modified_gmt":"2025-04-01T14:16:33","slug":"pedro-casares-asegura-que-las-medidas-del-gobierno-de-pedro-sanchez-han-beneficiado-ya-a-57-000-trabajadores-cantabros","status":"publish","type":"post","link":"https:\/\/www.psc-psoe.es\/index.php\/2020\/05\/13\/pedro-casares-asegura-que-las-medidas-del-gobierno-de-pedro-sanchez-han-beneficiado-ya-a-57-000-trabajadores-cantabros\/","title":{"rendered":"Pedro Casares asegura que las medidas del Gobierno de Pedro S\u00e1nchez han beneficiado ya a 57.000 trabajadores c\u00e1ntabros"},"content":{"rendered":"<p>El secretario de Infraestructuras y Transportes del PSOE y diputado por Cantabria, Pedro Casares, ha asegurado hoy en el Pleno del Congreso de los Diputados que las medidas del Gobierno de Pedro S\u00e1nchez han beneficiado ya a 57.000 c\u00e1ntabros.<\/p>\n<p>Casares ha respondido, ejemplificando el impacto de las medidas del Gobierno en una comunidad aut\u00f3noma como Cantabria, para contestar a las cr\u00edticas de la oposici\u00f3n al esfuerzo del ejecutivo espa\u00f1ol. Lo ha hecho como portavoz de Econom\u00eda del PSOE durante el debate de la convalidaci\u00f3n del Real Decreto Ley 15\/2020 de medidas urgentes complementarias para la econom\u00eda y el empleo.<\/p>\n<p>En concreto, el portavoz econ\u00f3mico de los socialistas se refiere a los 57.135 trabajadores c\u00e1ntabros que perciben alg\u00fan tipo de prestaci\u00f3n por un importe total de 51 millones de euros, con datos del SEPE en relaci\u00f3n a los ERTE en la regi\u00f3n, a los que habr\u00eda que a\u00f1adir 16.593 aut\u00f3nomos c\u00e1ntabros que han solicitado la prestaci\u00f3n por cese de actividad.<\/p>\n<p>Durante su intervenci\u00f3n, el diputado c\u00e1ntabro ha se\u00f1alado que el Gobierno est\u00e1 haciendo \u201cel mayor esfuerzo constitucional\u201d que un Gobierno ha tenido que hacer en 40 a\u00f1os de democracia. \u201cPor la excepcionalidad y la urgencia con la que se ha visto obligado a actuar para combatir la emergencia sanitaria\u201d ha enfatizado.<\/p>\n<p>En este sentido, ha subrayado que se han establecido \u201cdiques\u201d para contener la propagaci\u00f3n del virus y su impacto en nuestra econom\u00eda, en el empleo, en las pol\u00edticas sociales, en el turismo, en la industria, en el comercio, en el transporte, en todos y cada uno de las \u00e1reas de gesti\u00f3n de un Gobierno.<\/p>\n<p>En 2 meses desde la Declaraci\u00f3n del Estado de Alarma, ha se\u00f1alado Casares que el Gobierno ha presentado decenas de reales decretos ley y \u00f3rdenes ministeriales para regular el d\u00eda a d\u00eda \u201cde una sociedad que se ha enfrentado al virus con la ejemplaridad y el sentido de la responsabilidad que no hemos visto en parte de la clase pol\u00edtica de este pa\u00eds\u201d.<\/p>\n<p>Por ello, Casares ha recordado que la lucha contra el virus ha obligado a tomar medidas excepcionales \u201caqu\u00ed y en todo el mundo, no somos una excepci\u00f3n entre los pa\u00edses de nuestro entorno\u201d. Pero si, a juicio de Casares, \u201cEspa\u00f1a es un ejemplo en el escudo de protecci\u00f3n social y al tejido productivo que ha desarrollado el Gobierno\u201d.<\/p>\n<p>\u201cEste Gobierno est\u00e1 poniendo todos los recursos, todos los medios y toda la acci\u00f3n gubernamental para luchar contra los riesgos que sufren hoy en sus hogares miles de familias, de trabajadores, de empresarios, de aut\u00f3nomos. Y ese esfuerzo deber\u00eda contar con un apoyo contundente del Congreso\u201d ha se\u00f1alado.<\/p>\n<p><b>Medidas a convalidar<\/b><\/p>\n<p>El diputado ha afirmado que se refuerza la respuesta econ\u00f3mica y social con m\u00e1s de 30 nuevas medidas para preservar la actividad productiva y el empleo.<\/p>\n<p>Entre ellas, la ampliaci\u00f3n de la cobertura de la prestaci\u00f3n por desempleo a trabajadores cuyos contratos se hayan extinguidos en per\u00edodo de prueba o la regulaci\u00f3n de los ERTE por causa de fuerza mayor para cubrir las reducciones significativas de actividad de aquellos sectores considerados esenciales pero que pese a ser esenciales se han visto afectados por la reducci\u00f3n de la movilidad mermando sus ingresos.<\/p>\n<p>As\u00ed como el refuerzo a la protecci\u00f3n de los trabajadores fijos discontinuos, la pr\u00f3rroga de dos meses el car\u00e1cter preferente del teletrabajo o la reducci\u00f3n de las cotizaciones para determinados trabajos agrarios durante los periodos de inactividad durante 2020.<\/p>\n<p>De la misma forma, se han aprobado medidas para que los trabajadores aut\u00f3nomos ajusten el pago de IRPF o IVA a los ingresos reales. Pudi\u00e9ndose descontar los d\u00edas de cada trimestre que ha habido estado de alarma. Otra de las medidas que hoy pretendemos convalidar aqu\u00ed es la reducci\u00f3n al 0% del IVA aplicable al suministro de material sanitario, o la reducci\u00f3n del IVA a libros y peri\u00f3dicos digitales al 4%.<\/p>\n<p>Por \u00faltimo, Pedro Casares ha asegurado que \u201ces importante saber gobernar pero tan importante como gobernar es saber hacer oposici\u00f3n, pensando siempre en el inter\u00e9s general como si fueran ustedes los que estuvieran gobernando\u201d. \u201cEse esp\u00edritu de concordia, de lealtad al pa\u00eds, de compromiso con los ciudadanos, les ayudar\u00eda hoy a entender estas medidas y su urgencia\u201d ha concluido. <\/p>\n","protected":false},"excerpt":{"rendered":"<p>El secretario de Infraestructuras y Transportes del PSOE y diputado por Cantabria, Pedro Casares, ha asegurado hoy en el Pleno del Congreso de los Diputados que las medidas del Gobierno de Pedro S\u00e1nchez han beneficiado ya a 57.000 c\u00e1ntabros. Casares ha respondido, ejemplificando el impacto de las medidas del Gobierno en una comunidad aut\u00f3noma como [&hellip;]<\/p>\n","protected":false},"author":2,"featured_media":5178,"comment_status":"open","ping_status":"closed","sticky":false,"template":"","format":"standard","meta":{"tdm_status":"","tdm_grid_status":"","footnotes":""},"categories":[14,16,420,25],"tags":[],"class_list":["post-5176","post","type-post","status-publish","format-standard","has-post-thumbnail","hentry","category-notas-de-prensa","category-noticias-santander","category-pedro-casares","category-actualidad"],"_links":{"self":[{"href":"https:\/\/www.psc-psoe.es\/index.php\/wp-json\/wp\/v2\/posts\/5176","targetHints":{"allow":["GET"]}}],"collection":[{"href":"https:\/\/www.psc-psoe.es\/index.php\/wp-json\/wp\/v2\/posts"}],"about":[{"href":"https:\/\/www.psc-psoe.es\/index.php\/wp-json\/wp\/v2\/types\/post"}],"author":[{"embeddable":true,"href":"https:\/\/www.psc-psoe.es\/index.php\/wp-json\/wp\/v2\/users\/2"}],"replies":[{"embeddable":true,"href":"https:\/\/www.psc-psoe.es\/index.php\/wp-json\/wp\/v2\/comments?post=5176"}],"version-history":[{"count":1,"href":"https:\/\/www.psc-psoe.es\/index.php\/wp-json\/wp\/v2\/posts\/5176\/revisions"}],"predecessor-version":[{"id":10061,"href":"https:\/\/www.psc-psoe.es\/index.php\/wp-json\/wp\/v2\/posts\/5176\/revisions\/10061"}],"wp:featuredmedia":[{"embeddable":true,"href":"https:\/\/www.psc-psoe.es\/index.php\/wp-json\/wp\/v2\/media\/5178"}],"wp:attachment":[{"href":"https:\/\/www.psc-psoe.es\/index.php\/wp-json\/wp\/v2\/media?parent=5176"}],"wp:term":[{"taxonomy":"category","embeddable":true,"href":"https:\/\/www.psc-psoe.es\/index.php\/wp-json\/wp\/v2\/categories?post=5176"},{"taxonomy":"post_tag","embeddable":true,"href":"https:\/\/www.psc-psoe.es\/index.php\/wp-json\/wp\/v2\/tags?post=5176"}],"curies":[{"name":"wp","href":"https:\/\/api.w.org\/{rel}","templated":true}]}}