{"id":5152,"date":"2020-05-07T19:55:12","date_gmt":"2020-05-07T17:55:12","guid":{"rendered":"https:\/\/www.psc-psoe.es\/?p=5152"},"modified":"2025-04-01T15:16:48","modified_gmt":"2025-04-01T14:16:48","slug":"pedro-casares-asegura-que-el-gobierno-de-espana-ha-actuado-desde-el-primer-momento-para-garantizar-recursos-y-rentas-a-familias-trabajadores-y-empresas","status":"publish","type":"post","link":"https:\/\/www.psc-psoe.es\/index.php\/2020\/05\/07\/pedro-casares-asegura-que-el-gobierno-de-espana-ha-actuado-desde-el-primer-momento-para-garantizar-recursos-y-rentas-a-familias-trabajadores-y-empresas\/","title":{"rendered":"Pedro Casares asegura que el Gobierno de Espa\u00f1a ha actuado desde \u201cel primer momento\u201d para garantizar recursos y rentas a familias, trabajadores y empresas"},"content":{"rendered":"<p>El secretario de Infraestructuras y Transportes del PSOE y diputado por Cantabria, Pedro Casares, ha asegurado que el Gobierno de Espa\u00f1a ha actuado desde \u201cel primer momento\u201d en la crisis del COVID19 para garantizar recursos y rentas a familias, trabajadores, aut\u00f3nomos, pymes y empresas.<\/p>\n<p>Casares ha fijado hoy la posici\u00f3n del Grupo Parlamentario Socialista en el Congreso de los Diputados en la comparecencia de la Vicepresidenta Tercera del Gobierno y Ministra de Asuntos Econ\u00f3micos y Transformaci\u00f3n Digital, Nadia Calvi\u00f1o. En la misma jornada ha participado en la constituci\u00f3n de la comisi\u00f3n de Reconstrucci\u00f3n Social y Econ\u00f3mica.<\/p>\n<p>Durante su intervenci\u00f3n ante la Vicepresidenta Calvi\u00f1o, el portavoz de Econom\u00eda del PSOE en el Congreso ha afirmado que\u00a0 se ha actuado con rapidez para reforzar \u201csocialmente\u201d a todas las familias y a todo el tejido econ\u00f3mico y productivo, y para evitar una mayor destrucci\u00f3n del empleo.<\/p>\n<p>\u201cNunca antes una crisis hab\u00eda mostrado efectos tan duros sobre la sociedad en tan poco espacio de tiempo. Esa es la raz\u00f3n por la que se ha actuado con rapidez para reforzar socialmente a todas las familias y a todo el tejido econ\u00f3mico y productivo, y para evitar una mayor destrucci\u00f3n del empleo\u201d ha se\u00f1alado.<\/p>\n<p>En cuanto a las medidas puestas en marcha, Casares ha destacado los ERTE, con los que se ha garantizado el mantenimiento de puestos de trabajo, garantizando el v\u00ednculo laboral de tres millones de personas.<\/p>\n<p>De la misma forma, ha puesto en valor la atenci\u00f3n, \u201cpor primera vez en la historia\u201d a los aut\u00f3nomos, recordando que m\u00e1s de 1,1 millones ya est\u00e1n cobrando prestaciones. Y la atenci\u00f3n a desempleados, destacando que hoy hay en nuestro pa\u00eds 900.000 personas desempleadas a causa de la COVID-19 que perciben prestaci\u00f3n.<\/p>\n<p>Adem\u00e1s de los 462.000 trabajadores temporales con subsidio extraordinario por falta de actividad. Y los 400.000 trabajadores con baja temporal reconocida por aislamiento o contagio debido al coronavirus.<\/p>\n<p>Por otra parte, ha puesto en valor la protecci\u00f3n a las empresas con avales a trav\u00e9s del ICO, para garantizar liquidez al tejido productivo con m\u00e1s de 100.000 millones de euros.<\/p>\n<p><strong>Situaci\u00f3n de Cantabria<\/strong><\/p>\n<p>A lo largo de su intervenci\u00f3n en el Congreso, Casares ha puesto en valor \u201cel impacto positivo de las medidas econ\u00f3micas puestas en marcha por el Gobierno\u201d en comunidades aut\u00f3nomas como Cantabria.<\/p>\n<p>As\u00ed, el portavoz econ\u00f3mico de los socialistas en la C\u00e1mara Baja ha recordado que se han pagado 51 millones de euros en prestaciones en abril para atender a m\u00e1s de 57 mil c\u00e1ntabros.<\/p>\n<p>En este sentido, ha destacado los 35.000 c\u00e1ntabros que han cobrado ya los ERTE, atendiendo a su vez a m\u00e1s de 7.270 empresas c\u00e1ntabras. Y los 15.300 aut\u00f3nomos c\u00e1ntabros que han recibido la prestaci\u00f3n extraordinaria por cese de actividad y tampoco tienen que pagar cuota a la Seguridad Social.<\/p>\n<p>\u201cY todo, en una comunidad aut\u00f3noma, la m\u00eda, de menos de 600 mil habitantes, en la que la protecci\u00f3n social del Gobierno est\u00e1 siendo un enorme paraguas para la poblaci\u00f3n\u201d ha dicho.<\/p>\n<p><strong>Diferencia con la crisis anterior<\/strong><\/p>\n<p><strong>\u00a0<\/strong>Asimismo, Casares ha asegurado que frente a los recursos puestos en marcha ahora para luchar contra el virus y tambi\u00e9n contra todos sus efectos, garantizando liquidez a las empresas, protegiendo el empleo y creando una red de seguridad a la ciudadan\u00eda, \u201cfrente a los recortes y medidas de austeridad de Rajoy y el PP en 2012\u201d.<\/p>\n<p>\u201cFrente al abaratamiento de despidos, se han puesto en marcha ERTES, frente a la subida de impuestos, se ha fijado la prestaci\u00f3n extraordinaria por cese de actividad para aut\u00f3nomos, frente al desmantelamiento de la Dependencia, se ha agilizado el Ingreso M\u00ednimo Vital, o frente a la eliminaci\u00f3n de la sanidad universal, el copago farmac\u00e9utico o el medicamentazo, se han puesto 1.000 millones para atender los gastos sanitarios que se han generado\u201d ha relatado.<\/p>\n<p>Por \u00faltimo, Pedro Casares, durante su intervenci\u00f3n, ha recordado a las v\u00edctimas de la pandemia, a sus familias y seres queridos. Y tambi\u00e9n para todos los que han vencido al virus, demostrando que hay esperanza.<\/p>\n<p>De la misma forma, ha agradecido el papel de los profesionales sanitarios \u201cy a quienes nos protegen, abastecen y cuidan desde otros \u00e1mbitos\u201d. \u201cEsenciales todos ellos. Nunca un adjetivo fue tan adecuado para describir el valor y la responsabilidad que tantas personas han demostrado con sus trabajos\u201d ha concluido. <\/p>\n","protected":false},"excerpt":{"rendered":"<p>El secretario de Infraestructuras y Transportes del PSOE y diputado por Cantabria, Pedro Casares, ha asegurado que el Gobierno de Espa\u00f1a ha actuado desde \u201cel primer momento\u201d en la crisis del COVID19 para garantizar recursos y rentas a familias, trabajadores, aut\u00f3nomos, pymes y empresas. Casares ha fijado hoy la posici\u00f3n del Grupo Parlamentario Socialista en [&hellip;]<\/p>\n","protected":false},"author":2,"featured_media":5153,"comment_status":"open","ping_status":"closed","sticky":false,"template":"","format":"standard","meta":{"tdm_status":"","tdm_grid_status":"","footnotes":""},"categories":[16,420],"tags":[],"class_list":["post-5152","post","type-post","status-publish","format-standard","has-post-thumbnail","hentry","category-noticias-santander","category-pedro-casares"],"_links":{"self":[{"href":"https:\/\/www.psc-psoe.es\/index.php\/wp-json\/wp\/v2\/posts\/5152","targetHints":{"allow":["GET"]}}],"collection":[{"href":"https:\/\/www.psc-psoe.es\/index.php\/wp-json\/wp\/v2\/posts"}],"about":[{"href":"https:\/\/www.psc-psoe.es\/index.php\/wp-json\/wp\/v2\/types\/post"}],"author":[{"embeddable":true,"href":"https:\/\/www.psc-psoe.es\/index.php\/wp-json\/wp\/v2\/users\/2"}],"replies":[{"embeddable":true,"href":"https:\/\/www.psc-psoe.es\/index.php\/wp-json\/wp\/v2\/comments?post=5152"}],"version-history":[{"count":1,"href":"https:\/\/www.psc-psoe.es\/index.php\/wp-json\/wp\/v2\/posts\/5152\/revisions"}],"predecessor-version":[{"id":10062,"href":"https:\/\/www.psc-psoe.es\/index.php\/wp-json\/wp\/v2\/posts\/5152\/revisions\/10062"}],"wp:featuredmedia":[{"embeddable":true,"href":"https:\/\/www.psc-psoe.es\/index.php\/wp-json\/wp\/v2\/media\/5153"}],"wp:attachment":[{"href":"https:\/\/www.psc-psoe.es\/index.php\/wp-json\/wp\/v2\/media?parent=5152"}],"wp:term":[{"taxonomy":"category","embeddable":true,"href":"https:\/\/www.psc-psoe.es\/index.php\/wp-json\/wp\/v2\/categories?post=5152"},{"taxonomy":"post_tag","embeddable":true,"href":"https:\/\/www.psc-psoe.es\/index.php\/wp-json\/wp\/v2\/tags?post=5152"}],"curies":[{"name":"wp","href":"https:\/\/api.w.org\/{rel}","templated":true}]}}