{"id":5140,"date":"2020-05-03T22:27:50","date_gmt":"2020-05-03T20:27:50","guid":{"rendered":"https:\/\/www.psc-psoe.es\/?p=5140"},"modified":"2020-05-03T22:28:32","modified_gmt":"2020-05-03T20:28:32","slug":"el-psoe-propone-que-el-ayuntamiento-autorice-la-ampliacion-temporal-de-terrazas-de-los-bares-y-restaurantes-durante-2020","status":"publish","type":"post","link":"https:\/\/www.psc-psoe.es\/index.php\/2020\/05\/03\/el-psoe-propone-que-el-ayuntamiento-autorice-la-ampliacion-temporal-de-terrazas-de-los-bares-y-restaurantes-durante-2020\/","title":{"rendered":"El PSOE propone que el Ayuntamiento autorice la ampliaci\u00f3n temporal de terrazas de los bares y restaurantes durante 2020"},"content":{"rendered":"<h6>El Grupo Municipal Socialista en el ayuntamiento de Santander propone que el Ayuntamiento autorice la ampliaci\u00f3n temporal de terrazas de los bares y restaurantes durante 2020.<\/h6>\n<h6>Los socialistas santanderinos creen que es una buena medida para que puedan hacer frente a las disposiciones de distancia entre mesas establecidas por las autoridades sanitarias durante las fases de la desescalada.<\/h6>\n<h6>El portavoz del Grupo Municipal Socialista, Daniel Fern\u00e1ndez, cree que \u201csiempre que se respete el paso de peatones, que no se impida la circulaci\u00f3n de personas con movilidad reducida, se debe ampliar el margen de las terrazas para ayudar a nuestros hosteleros, estudiando caso a caso la situaci\u00f3n\u201d.<\/h6>\n<h6>Con esta medida, cree que se podr\u00eda contar con m\u00e1s mesas, siempre y cuando cumplan con la normativa sanitaria. En este sentido, afirma que \u201ces importante\u201d tomar todas las medidas al alcance del ayuntamiento para ayudar al sector de la hosteler\u00eda \u201cen todo lo que sea necesario y est\u00e9 a nuestro alcance\u201d.<\/h6>\n<h6>Para Fern\u00e1ndez, de lo contrario, muchos bares y restaurantes aunque puedan abrir sus terrazas, al tener que respetar la distancia de seguridad entre mesas, no van a tener espacio posible con los l\u00edmites que tienen en la actualidad.<\/h6>\n<h6>\u201cMuchos bares y restaurantes no van a poder abrir sus instalaciones interiores porque por cuestiones de aforo no van a tener capacidad, pero en cambio s\u00ed pueden tenerla en terrazas, y creemos que toda medida que podamos poner en marcha para ayudarles es positiva\u201d asegura el edil.<\/h6>\n<h6>El portavoz socialista se\u00f1ala que \u201cles permitir\u00eda a partir del d\u00eda 11 de mayo, que si todo sigue seg\u00fan lo previsto, puedan abrir las terrazas al 50%, hacerlo ganando m\u00e1s espacio del que hoy tienen, para poder poner todas las mesas posibles\u201d.<\/h6>\n<h6><strong>Ampliar zonas de peatonalizaci\u00f3n<\/strong><\/h6>\n<h6>Por otra parte, los socialistas de Santander proponen ampliar las zonas de peatonalizaci\u00f3n de la ciudad a barrios y zonas densamente poblados como Castilla- Hermida y General D\u00e1vila.<\/h6>\n<h6>Recuerdan as\u00ed algunas de las propuestas que hicieron ayer antes del anuncio de la peatonalizaci\u00f3n de Castelar, Gamazo, Reina Victoria y la avenida del Stadium.<\/h6>\n<h6>As\u00ed, proponen el corte en varias zonas de General D\u00e1vila. Desde la rotonda de Francisco Palazuelos hasta la calle Miramar, abriendo el Parque Jado permitiendo 8.000 metros cuadrados peatonales junto a una zona verde que permita el tr\u00e1nsito f\u00e1cil a los peatones y deportistas. Entre la rotonda de Bajada de Polio y Calle del Monte, creando la misma acci\u00f3n junto al Parque Jes\u00fas de Monasterio y a\u00f1adiendo 16.000 metros cuadrados peatonales.<\/h6>\n<h6>Otra de las zonas, con mucha densidad de poblaci\u00f3n, en la que el Grupo Municipal propone su peatonalizaci\u00f3n es en el barrio de Castilla- Hermida. En este caso proponen peatonalizar la calle Marqu\u00e9s de la Hermida entre las calles General Moscard\u00f3 y Ru\u00edz Zorrilla. Incluidas las manzanas entre las calles Carlos Haya, Marques de la Ensenada y Armada Espa\u00f1ola. Permitiendo la continuidad entre la acera de Marqu\u00e9s de la Hermida y el mar, ganando 25.000 metros cuadrados al peat\u00f3n.<\/h6>\n<h6>Por \u00faltimo, Daniel Fern\u00e1ndez cree que debe estudiarse la ampliaci\u00f3n de aceras en algunas calles de la ciudad, \u201cmuy estrechas\u201d, para favorecer la movilidad para peatones, personas con movilidad reducida y ciclistas.<\/h6>\n","protected":false},"excerpt":{"rendered":"<p>El Grupo Municipal Socialista en el ayuntamiento de Santander propone que el Ayuntamiento autorice la ampliaci\u00f3n temporal de terrazas de los bares y restaurantes durante 2020. Los socialistas santanderinos creen que es una buena medida para que puedan hacer frente a las disposiciones de distancia entre mesas establecidas por las autoridades sanitarias durante las fases [&hellip;]<\/p>\n","protected":false},"author":2,"featured_media":4912,"comment_status":"open","ping_status":"closed","sticky":false,"template":"","format":"standard","meta":{"tdm_status":"","tdm_grid_status":"","footnotes":""},"categories":[55,6],"tags":[],"class_list":["post-5140","post","type-post","status-publish","format-standard","has-post-thumbnail","hentry","category-arco-de-la-bahia","category-agrupaciones"],"_links":{"self":[{"href":"https:\/\/www.psc-psoe.es\/index.php\/wp-json\/wp\/v2\/posts\/5140","targetHints":{"allow":["GET"]}}],"collection":[{"href":"https:\/\/www.psc-psoe.es\/index.php\/wp-json\/wp\/v2\/posts"}],"about":[{"href":"https:\/\/www.psc-psoe.es\/index.php\/wp-json\/wp\/v2\/types\/post"}],"author":[{"embeddable":true,"href":"https:\/\/www.psc-psoe.es\/index.php\/wp-json\/wp\/v2\/users\/2"}],"replies":[{"embeddable":true,"href":"https:\/\/www.psc-psoe.es\/index.php\/wp-json\/wp\/v2\/comments?post=5140"}],"version-history":[{"count":0,"href":"https:\/\/www.psc-psoe.es\/index.php\/wp-json\/wp\/v2\/posts\/5140\/revisions"}],"wp:featuredmedia":[{"embeddable":true,"href":"https:\/\/www.psc-psoe.es\/index.php\/wp-json\/wp\/v2\/media\/4912"}],"wp:attachment":[{"href":"https:\/\/www.psc-psoe.es\/index.php\/wp-json\/wp\/v2\/media?parent=5140"}],"wp:term":[{"taxonomy":"category","embeddable":true,"href":"https:\/\/www.psc-psoe.es\/index.php\/wp-json\/wp\/v2\/categories?post=5140"},{"taxonomy":"post_tag","embeddable":true,"href":"https:\/\/www.psc-psoe.es\/index.php\/wp-json\/wp\/v2\/tags?post=5140"}],"curies":[{"name":"wp","href":"https:\/\/api.w.org\/{rel}","templated":true}]}}