{"id":5080,"date":"2020-04-23T11:06:50","date_gmt":"2020-04-23T09:06:50","guid":{"rendered":"https:\/\/www.psc-psoe.es\/?p=5080"},"modified":"2020-05-04T12:28:40","modified_gmt":"2020-05-04T10:28:40","slug":"el-psoe-de-ribamontan-al-monte-muestra-su-apoyo-a-las-medidas-adoptadas-por-el-equipo-de-gobierno-y-se-compromete-a-trabajar-desde-la-unidad-y-el-acuerdo","status":"publish","type":"post","link":"https:\/\/www.psc-psoe.es\/index.php\/2020\/04\/23\/el-psoe-de-ribamontan-al-monte-muestra-su-apoyo-a-las-medidas-adoptadas-por-el-equipo-de-gobierno-y-se-compromete-a-trabajar-desde-la-unidad-y-el-acuerdo\/","title":{"rendered":"El PSOE de Ribamont\u00e1n al Monte muestra su apoyo a las medidas adoptadas por el equipo de gobierno y se compromete a trabajar desde la unidad y el acuerdo"},"content":{"rendered":"<p>La secretaria general del PSOE de Ribamont\u00e1n al Monte, Aida Portilla, ha manifestado este mi\u00e9rcoles su apoyo al equipo de gobierno municipal en lo que respecta a las medidas adoptadas por la situaci\u00f3n generada por el COVID-19.<\/p>\n<p>Portilla, ha se\u00f1alado que \u201clas medidas son correctas\u201d y por ello, ha continuado, \u201clas apoyaremos, ya que lo que nuestros vecinos y vecinas necesitan de la unidad pol\u00edtica y el consenso en estos dif\u00edciles momentos para todas y todos\u201d.<\/p>\n<p>No obstante, la socialista ha indicado que \u201clos y las socialistas no perderemos en ning\u00fan momento el esp\u00edritu cr\u00edtico y trabajaremos desde una perspectiva constructiva con el fin de seguir planteando medidas que favorezcan el bienestar de la ciudadan\u00eda y nuestro municipio\u201d.<\/p>\n<p>\u201cAnte esta situaci\u00f3n, es fundamental que todos los partidos pongamos sobre la mesa propuestas o sugerencias que puedan ayudar a nuestros vecinos y vecinas y en especial, a aquellas trabajadoras y trabajadores aut\u00f3nomos y pymes cuyos negocios se han visto afectados o han sufrido las consecuencias m\u00e1s duras de esta crisis sanitaria\u201d, ha resaltado.<\/p>\n<p>En esta l\u00ednea, el PSOE de Ribamont\u00e1n al Monte ha manifestado \u201cla necesidad de reorganizar el presupuesto del a\u00f1o 2020\u201d que, por esta coyuntura extraordinaria, ha dicho, \u201cdesgraciadamente va a tener que modificar diversas partidas, por no poder ejecutarse, en favor del incremento de partidas sociales y reactivaci\u00f3n econ\u00f3mica\u201d.<\/p>\n<p>Seg\u00fan ha afirmado, \u201cel equipo de gobierno conoce bien cuales son las cuentas para este a\u00f1o y, por tanto, no queremos pedir lo imposible\u201d. Sin embargo, ha indicado, \u201cexigimos que se tengan en cuenta dos cuestiones importantes: estar del lado de los colectivos m\u00e1s vulnerables de nuestro municipio y poner en macha todos los medios para ayudar a la reactivaci\u00f3n y dinamizaci\u00f3n econ\u00f3mica en el \u00e1mbito municipal\u201d.<\/p>\n<p><strong>\u00a0<\/strong><strong>Celebraci\u00f3n de plenos de forma telem\u00e1tica<\/strong><\/p>\n<p>Por otro lado, ha se\u00f1alado que \u201clos y las socialistas estamos en desacuerdo con la medida acordada por el alcalde de asumir la totalidad de las competencias de la Junta de Gobierno Local y suspender la celebraci\u00f3n de los plenos del ayuntamiento\u201d ya que, a su juicio, \u201ces momento de huir de personalismos y buscar el trabajo en equipo\u201d.<\/p>\n<p>En este sentido, Aida Portilla ha asegurado que \u201caunque los plenos no se pueden realizar de manera presencial debido a la situaci\u00f3n actual, actualmente es posible legal y t\u00e9cnicamente celebrarlos de forma telem\u00e1tica\u201d. Por tanto, ha concluido, \u201cinstamos a que rectifique en lo que respecta a esta decisi\u00f3n y a que se celebre un pleno para poder abordar las cuestiones de inter\u00e9s municipal y principalmente, las medidas para afrontar la crisis generada por el COVID-19\u201d. <\/p>\n","protected":false},"excerpt":{"rendered":"<p>La secretaria general del PSOE de Ribamont\u00e1n al Monte, Aida Portilla, ha manifestado este mi\u00e9rcoles su apoyo al equipo de gobierno municipal en lo que respecta a las medidas adoptadas por la situaci\u00f3n generada por el COVID-19. Portilla, ha se\u00f1alado que \u201clas medidas son correctas\u201d y por ello, ha continuado, \u201clas apoyaremos, ya que lo [&hellip;]<\/p>\n","protected":false},"author":2,"featured_media":5081,"comment_status":"open","ping_status":"closed","sticky":false,"template":"","format":"standard","meta":{"tdm_status":"","tdm_grid_status":"","footnotes":""},"categories":[39,6],"tags":[],"class_list":["post-5080","post","type-post","status-publish","format-standard","has-post-thumbnail","hentry","category-trasmiera","category-agrupaciones"],"_links":{"self":[{"href":"https:\/\/www.psc-psoe.es\/index.php\/wp-json\/wp\/v2\/posts\/5080","targetHints":{"allow":["GET"]}}],"collection":[{"href":"https:\/\/www.psc-psoe.es\/index.php\/wp-json\/wp\/v2\/posts"}],"about":[{"href":"https:\/\/www.psc-psoe.es\/index.php\/wp-json\/wp\/v2\/types\/post"}],"author":[{"embeddable":true,"href":"https:\/\/www.psc-psoe.es\/index.php\/wp-json\/wp\/v2\/users\/2"}],"replies":[{"embeddable":true,"href":"https:\/\/www.psc-psoe.es\/index.php\/wp-json\/wp\/v2\/comments?post=5080"}],"version-history":[{"count":0,"href":"https:\/\/www.psc-psoe.es\/index.php\/wp-json\/wp\/v2\/posts\/5080\/revisions"}],"wp:featuredmedia":[{"embeddable":true,"href":"https:\/\/www.psc-psoe.es\/index.php\/wp-json\/wp\/v2\/media\/5081"}],"wp:attachment":[{"href":"https:\/\/www.psc-psoe.es\/index.php\/wp-json\/wp\/v2\/media?parent=5080"}],"wp:term":[{"taxonomy":"category","embeddable":true,"href":"https:\/\/www.psc-psoe.es\/index.php\/wp-json\/wp\/v2\/categories?post=5080"},{"taxonomy":"post_tag","embeddable":true,"href":"https:\/\/www.psc-psoe.es\/index.php\/wp-json\/wp\/v2\/tags?post=5080"}],"curies":[{"name":"wp","href":"https:\/\/api.w.org\/{rel}","templated":true}]}}