{"id":5076,"date":"2020-04-24T17:37:44","date_gmt":"2020-04-24T15:37:44","guid":{"rendered":"https:\/\/www.psc-psoe.es\/?p=5076"},"modified":"2020-05-04T12:38:10","modified_gmt":"2020-05-04T10:38:10","slug":"el-psoe-apoya-la-actuacion-de-la-consejeria-de-asuntos-sociales-y-destaca-el-sistema-de-control-de-la-situacion-de-cada-centro","status":"publish","type":"post","link":"https:\/\/www.psc-psoe.es\/index.php\/2020\/04\/24\/el-psoe-apoya-la-actuacion-de-la-consejeria-de-asuntos-sociales-y-destaca-el-sistema-de-control-de-la-situacion-de-cada-centro\/","title":{"rendered":"El PSOE apoya la actuaci\u00f3n de la Consejer\u00eda de Asuntos Sociales y destaca el sistema de control de la situaci\u00f3n de cada centro"},"content":{"rendered":"<p>La portavoz parlamentaria y secretaria de Organizaci\u00f3n del PSOE Cantabria, Noelia Cobo, ha manifestado su apoyo a la labor desarrollada durante la crisis del COVID 19 por la Consejer\u00eda de Pol\u00edticas Sociales del Gobierno de Cantabria. En su opini\u00f3n, los protocolos y medidas que se han ido activando al hilo de la crisis en las residencias han hecho que todo el sistema que se ha organizado de contacto diario para la detecci\u00f3n de necesidades y el control de la situaci\u00f3n de cada centro haya resultado eficiente dentro de la mala situaci\u00f3n global ocasionada por la pandemia.<\/p>\n<p>Cobo ha destacado el nombramiento de un coordinador COVID en la Subdirecci\u00f3n de Dependencia, y en cada uno de los centros residenciales. Asimismo, la reorganizaci\u00f3n del personal de la Subdirecci\u00f3n de Dependencia ha facilitado mantener el contacto diario con las residencias y recoger los datos para la realizaci\u00f3n de los test diagn\u00f3sticos. \u201cDos veces al d\u00eda, ma\u00f1ana y tarde, se conocen y env\u00edan los datos de los 82 centros\u201d, ha detallado la socialista.<\/p>\n<p>La portavoz del PSOE ha aplaudido las tareas de desinfecci\u00f3n se\u00f1alando que se realizan \u201cdos veces por semana en cada centro\u201d y ha a\u00f1adido que \u201cson trabajos que paga el ICASS, que se pagan con dinero p\u00fablico tambi\u00e9n en los centros privados, igual que el suministro de material, que tambi\u00e9n ha proporcionado la consejer\u00eda, o la bolsa de trabajo que se activ\u00f3\u201d.<\/p>\n<p>La n\u00famero dos socialista ha querido tambi\u00e9n en su intervenci\u00f3n el esfuerzo y el ejemplo que est\u00e1n dando los trabajadores de las residencias y centros de dependencia. \u201cPersonal que, a pesar de tener salarios generalmente bajos, est\u00e1n haciendo un esfuerzo enorme por cuidar de nuestros mayores en estas dram\u00e1ticas circunstancias\u201d, ha reconocido.<\/p>\n<p>Seg\u00fan Cobo, en Cantabria dos de cada tres residencias no tienen ning\u00fan caso positivo, aunque \u201ces cierto que all\u00ed donde ha entrado resulta complicado que no se extienda, por la propia fragilidad de los residentes\u201d.<\/p>\n<p>Para la dirigente socialista, uno de los mayores desaf\u00edos a los que se ha enfrentado el Gobierno ha sido ampliar el \u201cescudo social\u201d para garantizar la protecci\u00f3n de las personas m\u00e1s vulnerables. \u201cQueremos hacer hincapi\u00e9 en que esta es una cuesti\u00f3n fundamental, esta vez nadie se puede quedar atr\u00e1s\u201d, ha enfatizado.<\/p>\n<p>El hecho de que en Espa\u00f1a haya un gobierno progresista y que los socialistas gestionamos las \u00e1reas de pol\u00edtica social, sanidad y empleo asegura, en su opini\u00f3n, destinar todos los recursos p\u00fablicos disponibles para las personas, \u201ccomo prioridad fundamental\u201d. En este sentido, ha considerado \u201cde vital importancia\u201d que se sostengan y se fortalezcan los veinte programas sociales de los que se benefician 25.000 c\u00e1ntabros y c\u00e1ntabras. <\/p>\n","protected":false},"excerpt":{"rendered":"<p>La portavoz parlamentaria y secretaria de Organizaci\u00f3n del PSOE Cantabria, Noelia Cobo, ha manifestado su apoyo a la labor desarrollada durante la crisis del COVID 19 por la Consejer\u00eda de Pol\u00edticas Sociales del Gobierno de Cantabria. En su opini\u00f3n, los protocolos y medidas que se han ido activando al hilo de la crisis en las [&hellip;]<\/p>\n","protected":false},"author":2,"featured_media":5079,"comment_status":"open","ping_status":"closed","sticky":false,"template":"","format":"standard","meta":{"tdm_status":"","tdm_grid_status":"","footnotes":""},"categories":[14,24,25],"tags":[],"class_list":["post-5076","post","type-post","status-publish","format-standard","has-post-thumbnail","hentry","category-notas-de-prensa","category-partido","category-actualidad"],"_links":{"self":[{"href":"https:\/\/www.psc-psoe.es\/index.php\/wp-json\/wp\/v2\/posts\/5076","targetHints":{"allow":["GET"]}}],"collection":[{"href":"https:\/\/www.psc-psoe.es\/index.php\/wp-json\/wp\/v2\/posts"}],"about":[{"href":"https:\/\/www.psc-psoe.es\/index.php\/wp-json\/wp\/v2\/types\/post"}],"author":[{"embeddable":true,"href":"https:\/\/www.psc-psoe.es\/index.php\/wp-json\/wp\/v2\/users\/2"}],"replies":[{"embeddable":true,"href":"https:\/\/www.psc-psoe.es\/index.php\/wp-json\/wp\/v2\/comments?post=5076"}],"version-history":[{"count":0,"href":"https:\/\/www.psc-psoe.es\/index.php\/wp-json\/wp\/v2\/posts\/5076\/revisions"}],"wp:featuredmedia":[{"embeddable":true,"href":"https:\/\/www.psc-psoe.es\/index.php\/wp-json\/wp\/v2\/media\/5079"}],"wp:attachment":[{"href":"https:\/\/www.psc-psoe.es\/index.php\/wp-json\/wp\/v2\/media?parent=5076"}],"wp:term":[{"taxonomy":"category","embeddable":true,"href":"https:\/\/www.psc-psoe.es\/index.php\/wp-json\/wp\/v2\/categories?post=5076"},{"taxonomy":"post_tag","embeddable":true,"href":"https:\/\/www.psc-psoe.es\/index.php\/wp-json\/wp\/v2\/tags?post=5076"}],"curies":[{"name":"wp","href":"https:\/\/api.w.org\/{rel}","templated":true}]}}