{"id":4853,"date":"2020-02-20T22:01:36","date_gmt":"2020-02-20T20:01:36","guid":{"rendered":"https:\/\/www.psc-psoe.es\/?p=4853"},"modified":"2020-02-20T22:07:54","modified_gmt":"2020-02-20T20:07:54","slug":"el-psoe-trabaja-en-una-ley-de-vivienda-de-caracter-integral-para-cantabria","status":"publish","type":"post","link":"https:\/\/www.psc-psoe.es\/index.php\/2020\/02\/20\/el-psoe-trabaja-en-una-ley-de-vivienda-de-caracter-integral-para-cantabria\/","title":{"rendered":"El PSOE trabaja en una ley de vivienda de \u201ccar\u00e1cter integral\u201d para Cantabria"},"content":{"rendered":"<p>El secretario general del PSC-PSOE y vicepresidente, Pablo Zuloaga, ha participado esta tarde en un nuevo \u201cjueves de progreso\u201d, esta vez para hablar de la vivienda en Cantabria.<\/p>\n<p>En el encuentro, que se ha celebrado en la sede de la Agrupaci\u00f3n Socialista del PSOE de Astillero tambi\u00e9n han participado la secretaria de Organizaci\u00f3n del PSC-PSOE y portavoz del Grupo Parlamentario Socialista, Noelia Cobo, la consejera de Empleo y Pol\u00edticas Sociales, Ana Bel\u00e9n \u00c1lvarez y la directora general del Vivienda, Eugenia G\u00f3mez de Diego.<\/p>\n<p>Zuloaga ha asegurado que \u201ctrabajamos para que Cantabria cuente con una ley de vivienda de car\u00e1cter integral como un instrumento adecuado que regule el acceso a la vivienda y de cobertura global a estas pol\u00edticas\u201d y ha continuado, \u201ccumpliendo as\u00ed con uno de nuestros compromisos con esta tierra y demostrando que se puede confiar en nosotros\u201d.<\/p>\n<p>\u201cActualmente contamos con una ley en materia de vivienda protegida que se ha quedado obsoleta y es necesario reformarla para adaptarla a las necesidades del tiempo en el que vivimos\u201d, ha explicado.<\/p>\n<p>Para el l\u00edder de los socialistas c\u00e1ntabros \u201ces imprescindible que los ciudadanos y ciudadanas tengan una vivienda digna y accesible tanto desde el punto de vista econ\u00f3mico como desde su accesibilidad f\u00edsica para su bienestar social\u201d.<\/p>\n<p>\u201cLa vivienda cumple una funci\u00f3n social indiscutible y es un elemento b\u00e1sico, esencial, vertebrador social y territorial adem\u00e1s de un derecho social\u201d, ha reiterado.<\/p>\n<p><strong>Prioridades y objetivos<\/strong><\/p>\n<p>Asimismo, ha sostenido que es \u201cprioritario\u201d garantizar el acceso a una vivienda digna \u201ca las personas que no pueden disponer de ella en el mercado libre y en especial aquellas m\u00e1s vulnerables y con mayores necesidades sociales por circunstancias econ\u00f3micas, por emergencia habitacional o que no tienen hogar\u201d.<\/p>\n<p>Entre los objetivos que plantea Pablo Zuloaga est\u00e1n: \u201cincrementar el parque p\u00fablico de alquiler o promocionar la Vivienda de Protecci\u00f3n Oficial (VPO) en r\u00e9gimen de arrendamiento\u201d.<\/p>\n<p>Para lograrlo ha dicho, \u201cnos quedan tres a\u00f1os y medio por delante para crear una mayor vinculaci\u00f3n entre las pol\u00edticas de vivienda y el resto de las pol\u00edticas sociales\u201d. \u201cSe trata de gobernar para las personas\u201d, ha concluido el socialista.<\/p>\n<p>&nbsp; <\/p>\n","protected":false},"excerpt":{"rendered":"<p>El secretario general del PSC-PSOE y vicepresidente, Pablo Zuloaga, ha participado esta tarde en un nuevo \u201cjueves de progreso\u201d, esta vez para hablar de la vivienda en Cantabria. En el encuentro, que se ha celebrado en la sede de la Agrupaci\u00f3n Socialista del PSOE de Astillero tambi\u00e9n han participado la secretaria de Organizaci\u00f3n del PSC-PSOE [&hellip;]<\/p>\n","protected":false},"author":2,"featured_media":4857,"comment_status":"open","ping_status":"closed","sticky":false,"template":"","format":"standard","meta":{"tdm_status":"","tdm_grid_status":"","footnotes":""},"categories":[14,25],"tags":[],"class_list":["post-4853","post","type-post","status-publish","format-standard","has-post-thumbnail","hentry","category-notas-de-prensa","category-actualidad"],"_links":{"self":[{"href":"https:\/\/www.psc-psoe.es\/index.php\/wp-json\/wp\/v2\/posts\/4853","targetHints":{"allow":["GET"]}}],"collection":[{"href":"https:\/\/www.psc-psoe.es\/index.php\/wp-json\/wp\/v2\/posts"}],"about":[{"href":"https:\/\/www.psc-psoe.es\/index.php\/wp-json\/wp\/v2\/types\/post"}],"author":[{"embeddable":true,"href":"https:\/\/www.psc-psoe.es\/index.php\/wp-json\/wp\/v2\/users\/2"}],"replies":[{"embeddable":true,"href":"https:\/\/www.psc-psoe.es\/index.php\/wp-json\/wp\/v2\/comments?post=4853"}],"version-history":[{"count":0,"href":"https:\/\/www.psc-psoe.es\/index.php\/wp-json\/wp\/v2\/posts\/4853\/revisions"}],"wp:featuredmedia":[{"embeddable":true,"href":"https:\/\/www.psc-psoe.es\/index.php\/wp-json\/wp\/v2\/media\/4857"}],"wp:attachment":[{"href":"https:\/\/www.psc-psoe.es\/index.php\/wp-json\/wp\/v2\/media?parent=4853"}],"wp:term":[{"taxonomy":"category","embeddable":true,"href":"https:\/\/www.psc-psoe.es\/index.php\/wp-json\/wp\/v2\/categories?post=4853"},{"taxonomy":"post_tag","embeddable":true,"href":"https:\/\/www.psc-psoe.es\/index.php\/wp-json\/wp\/v2\/tags?post=4853"}],"curies":[{"name":"wp","href":"https:\/\/api.w.org\/{rel}","templated":true}]}}