{"id":4755,"date":"2020-01-21T19:25:14","date_gmt":"2020-01-21T17:25:14","guid":{"rendered":"https:\/\/www.psc-psoe.es\/?p=4755"},"modified":"2020-01-21T19:25:14","modified_gmt":"2020-01-21T17:25:14","slug":"el-psoe-recoge-las-denuncias-de-vecinos-de-las-urbanizaciones-los-rios-y-anfasa-por-el-mal-estado-y-la-suciedad-de-las-calles","status":"publish","type":"post","link":"https:\/\/www.psc-psoe.es\/index.php\/2020\/01\/21\/el-psoe-recoge-las-denuncias-de-vecinos-de-las-urbanizaciones-los-rios-y-anfasa-por-el-mal-estado-y-la-suciedad-de-las-calles\/","title":{"rendered":"El PSOE recoge las denuncias de vecinos de las urbanizaciones Los R\u00edos y Anfasa por el mal estado y la suciedad de las calles"},"content":{"rendered":"<p><span style=\"color: #000000;\">El Grupo Municipal Socialista en el ayuntamiento de Santander recoge las denuncias de vecinos de las urbanizaciones Los R\u00edos y Anfasa por el mal estado y la suciedad de las calles.<\/span><\/p>\n<p><span style=\"color: #000000;\">El concejal Javier Gonz\u00e1lez de Riancho, que se ha reunido hoy con vecinos de las urbanizaciones Los R\u00edos y Anfasa, en la zona de la avenida de Los Castros, asegura que las reclamaciones de los vecinos \u201cson muy l\u00f3gicas y es incomprensible que ni tan siquiera les escuchen\u201d.<\/span><\/p>\n<p><span style=\"color: #000000;\">Gonz\u00e1lez de Riancho asegura que los vecinos, que viven en edificios entre los n\u00fameros 69 y 91 de la avenida de Los Castros \u201cest\u00e1n indignados\u201d por la falta de atenci\u00f3n del ayuntamiento en esta zona de la ciudad \u201cque llevan m\u00e1s de un a\u00f1o dirigi\u00e9ndose al equipo de gobierno sin respuestas ni soluciones\u201d.<\/span><\/p>\n<p><span style=\"color: #000000;\">En este sentido, el concejal explica que los vecinos reclaman \u201cel asfaltado de la calle, acceso para personas con discapacidad y una plaza m\u00e1s de aparcamiento para personas con movilidad reducida, nueva se\u00f1alizaci\u00f3n, la retirada de coches abandonados y la limpieza de la urbanizaci\u00f3n ya que el suelo es de uso p\u00fablico y no privado\u201d.<\/span><\/p>\n<p><span style=\"color: #000000;\">\u201cLas aceras y el vial est\u00e1n en mal estado, con baches que constituyen un peligro tanto para los viandantes, muchos de ellos personas mayores, como para los veh\u00edculos que circulan por la zona\u201d afirma el edil, que tambi\u00e9n se\u00f1ala que se quejan de la falta de iluminaci\u00f3n.<\/span><\/p>\n<p><span style=\"color: #000000;\">Por ello, el edil lamenta que la Alcaldesa \u201cno dedique ni un minuto a contestar a los vecinos\u201d demostrando una vez m\u00e1s que no tienen modelo de ciudad, y por tanto \u201ctampoco tienen respuesta para los vecinos\u201d. \u201cEst\u00e1n arreglando algunas calles, dejando otras completamente abandonadas y olvidadas, y ni siquiera sacan tiempo para dar una explicaci\u00f3n a los vecinos\u201d.<\/span><\/p>\n<p><span style=\"color: #000000;\">\u201cSe han dirigido en numerosas ocasiones a la Alcaldesa y al equipo de gobierno, han venido al ayuntamiento, han presentado escritos de denuncia, han aportado fotos del estado de la calle y nadie les escucha\u201d critica el concejal del PSOE.<\/span><\/p>\n<p><span style=\"color: #000000;\">Por \u00faltimo, Javier Gonz\u00e1lez de Riancho asegura que en esta zona de la avenida de Los Castros viven alrededor de 2.000 vecinos \u201cque merecen la misma atenci\u00f3n que los dem\u00e1s, porque pagan los mismos impuestos que el resto de santanderinos\u201d.<\/span> <\/p>\n","protected":false},"excerpt":{"rendered":"<p>El Grupo Municipal Socialista en el ayuntamiento de Santander recoge las denuncias de vecinos de las urbanizaciones Los R\u00edos y Anfasa por el mal estado y la suciedad de las calles. El concejal Javier Gonz\u00e1lez de Riancho, que se ha reunido hoy con vecinos de las urbanizaciones Los R\u00edos y Anfasa, en la zona de [&hellip;]<\/p>\n","protected":false},"author":1,"featured_media":4756,"comment_status":"open","ping_status":"closed","sticky":false,"template":"","format":"standard","meta":{"tdm_status":"","tdm_grid_status":"","footnotes":""},"categories":[20,6,25],"tags":[396,397,398,30],"class_list":["post-4755","post","type-post","status-publish","format-standard","has-post-thumbnail","hentry","category-santander","category-agrupaciones","category-actualidad","tag-javier-gonzalez-de-riancho","tag-avenida-de-los-castros","tag-los-castros","tag-santander"],"_links":{"self":[{"href":"https:\/\/www.psc-psoe.es\/index.php\/wp-json\/wp\/v2\/posts\/4755","targetHints":{"allow":["GET"]}}],"collection":[{"href":"https:\/\/www.psc-psoe.es\/index.php\/wp-json\/wp\/v2\/posts"}],"about":[{"href":"https:\/\/www.psc-psoe.es\/index.php\/wp-json\/wp\/v2\/types\/post"}],"author":[{"embeddable":true,"href":"https:\/\/www.psc-psoe.es\/index.php\/wp-json\/wp\/v2\/users\/1"}],"replies":[{"embeddable":true,"href":"https:\/\/www.psc-psoe.es\/index.php\/wp-json\/wp\/v2\/comments?post=4755"}],"version-history":[{"count":0,"href":"https:\/\/www.psc-psoe.es\/index.php\/wp-json\/wp\/v2\/posts\/4755\/revisions"}],"wp:featuredmedia":[{"embeddable":true,"href":"https:\/\/www.psc-psoe.es\/index.php\/wp-json\/wp\/v2\/media\/4756"}],"wp:attachment":[{"href":"https:\/\/www.psc-psoe.es\/index.php\/wp-json\/wp\/v2\/media?parent=4755"}],"wp:term":[{"taxonomy":"category","embeddable":true,"href":"https:\/\/www.psc-psoe.es\/index.php\/wp-json\/wp\/v2\/categories?post=4755"},{"taxonomy":"post_tag","embeddable":true,"href":"https:\/\/www.psc-psoe.es\/index.php\/wp-json\/wp\/v2\/tags?post=4755"}],"curies":[{"name":"wp","href":"https:\/\/api.w.org\/{rel}","templated":true}]}}