{"id":4714,"date":"2020-01-17T18:40:37","date_gmt":"2020-01-17T16:40:37","guid":{"rendered":"https:\/\/www.psc-psoe.es\/?p=4714"},"modified":"2020-01-17T18:41:17","modified_gmt":"2020-01-17T16:41:17","slug":"el-psoe-exige-mantener-la-parada-de-taxis-de-la-plaza-de-italia-respetando-el-acuerdo-del-pleno","status":"publish","type":"post","link":"https:\/\/www.psc-psoe.es\/index.php\/2020\/01\/17\/el-psoe-exige-mantener-la-parada-de-taxis-de-la-plaza-de-italia-respetando-el-acuerdo-del-pleno\/","title":{"rendered":"El PSOE exige mantener la parada de taxis de la plaza de Italia respetando el acuerdo del Pleno"},"content":{"rendered":"<p>El Grupo Municipal Socialista en el ayuntamiento de Santander exige al equipo de gobierno, del Partido Popular y Ciudadanos, mantener la parada de taxis de la plaza de Italia.<\/p>\n<p>El concejal socialista, N\u00e9stor Serrano, realiza esta petici\u00f3n tras conocer por los medios de comunicaci\u00f3n la reuni\u00f3n entre el equipo de gobierno y las asociaciones del sector de taxi en la que se les ha trasladado este cambio en la ubicaci\u00f3n de la parada.<\/p>\n<p>\u201cCon la nueva ubicaci\u00f3n los taxis pierden visibilidad en una zona como el Sardinero, con mucha afluencia de turistas y visitantes, y tambi\u00e9n de vecinos de la ciudad que conocen y reconocen desde hace m\u00e1s de 100 a\u00f1os la parada en su ubicaci\u00f3n actual\u201d, se\u00f1ala Serrano.<\/p>\n<p>Para el concejal del PSOE, el equipo de gobierno incumple un compromiso adquirido con los taxistas y tambi\u00e9n el acuerdo plenario del 29 de julio de 2019.<\/p>\n<p>En este sentido, el edil recuerda que el Pleno del Ayuntamiento del 29 de julio se aprob\u00f3 la moci\u00f3n del PSOE en la que se ped\u00eda mantener la parada de taxis de la plaza de Italia y dar mayor visibilidad al sector del taxi como servicio p\u00fablico.<\/p>\n<p>\u201cEl taxi es un servicio p\u00fablico fundamental en una ciudad y lo que deber\u00eda hacer el ayuntamiento es poner en marcha medidas para potenciarlo, para mejorarlo y avanzar hacia un servicio m\u00e1s sostenible y con un mayor compromiso medioambiental, como quiere el sector, para ir al comp\u00e1s de los tiempos\u201d, explica el concejal.<\/p>\n<p>Por ello, Serrano pide a la Alcaldesa y al equipo de gobierno de PP y Cs respetar \u201clos acuerdos plenarios que es tanto como respetar la democracia y la voluntad mayoritaria de los santanderinos\u201d.<\/p>\n<p>\u201c\u00bfC\u00f3mo van a respetar los santanderinos las decisiones que se toman en el ayuntamiento si ni tan siquiera la alcaldesa respeta las decisiones que aprueba el Pleno, que es el m\u00e1ximo \u00f3rgano de decisi\u00f3n de un Ayuntamiento?\u201d se pregunta el concejal, que considera \u201cmuy grave\u201d que PP y Cs no respeten un acuerdo plenario.<\/p>\n<p>De esta forma, Serrano muestra el malestar del PSOE por incumplir una decisi\u00f3n aprobada por la mayor\u00eda de la Corporaci\u00f3n Municipal, ya que cont\u00f3 con el voto a favor del PRC, Unidad por Santander y VOX; y la abstenci\u00f3n del PP y Ciudadanos.<\/p>\n<p>\u201cEsa abstenci\u00f3n ya augura lo peor, y es que no quer\u00edan votar en contra para no recibir cr\u00edticas y el rechazo del sector del taxi, pero como ha demostrado el tiempo, les daba igual que se aprobar\u00e1 la moci\u00f3n porque ellos iban a seguir con su plan, que perjudica a los taxistas, a los santanderinos y a quienes nos visitan\u201d.<\/p>\n<p>Por \u00faltimo, N\u00e9stor Serrano afirma que no se puede gobernar \u201cdando siempre la espalda a todos los que hacen ciudad\u201d como en este caso el sector del taxi, \u201cporque se empieza gobernando en contra de todos y de todo, sin escuchar a nadie, y se acaba gobernando en contra de los intereses de la ciudad\u201d. <\/p>\n","protected":false},"excerpt":{"rendered":"<p>El Grupo Municipal Socialista en el ayuntamiento de Santander exige al equipo de gobierno, del Partido Popular y Ciudadanos, mantener la parada de taxis de la plaza de Italia. El concejal socialista, N\u00e9stor Serrano, realiza esta petici\u00f3n tras conocer por los medios de comunicaci\u00f3n la reuni\u00f3n entre el equipo de gobierno y las asociaciones del [&hellip;]<\/p>\n","protected":false},"author":1,"featured_media":4715,"comment_status":"open","ping_status":"closed","sticky":false,"template":"","format":"standard","meta":{"tdm_status":"","tdm_grid_status":"","footnotes":""},"categories":[20,16,25],"tags":[30,391,392,393],"class_list":["post-4714","post","type-post","status-publish","format-standard","has-post-thumbnail","hentry","category-santander","category-noticias-santander","category-actualidad","tag-santander","tag-taxi","tag-plaza-italia","tag-nestor-serrano"],"_links":{"self":[{"href":"https:\/\/www.psc-psoe.es\/index.php\/wp-json\/wp\/v2\/posts\/4714","targetHints":{"allow":["GET"]}}],"collection":[{"href":"https:\/\/www.psc-psoe.es\/index.php\/wp-json\/wp\/v2\/posts"}],"about":[{"href":"https:\/\/www.psc-psoe.es\/index.php\/wp-json\/wp\/v2\/types\/post"}],"author":[{"embeddable":true,"href":"https:\/\/www.psc-psoe.es\/index.php\/wp-json\/wp\/v2\/users\/1"}],"replies":[{"embeddable":true,"href":"https:\/\/www.psc-psoe.es\/index.php\/wp-json\/wp\/v2\/comments?post=4714"}],"version-history":[{"count":0,"href":"https:\/\/www.psc-psoe.es\/index.php\/wp-json\/wp\/v2\/posts\/4714\/revisions"}],"wp:featuredmedia":[{"embeddable":true,"href":"https:\/\/www.psc-psoe.es\/index.php\/wp-json\/wp\/v2\/media\/4715"}],"wp:attachment":[{"href":"https:\/\/www.psc-psoe.es\/index.php\/wp-json\/wp\/v2\/media?parent=4714"}],"wp:term":[{"taxonomy":"category","embeddable":true,"href":"https:\/\/www.psc-psoe.es\/index.php\/wp-json\/wp\/v2\/categories?post=4714"},{"taxonomy":"post_tag","embeddable":true,"href":"https:\/\/www.psc-psoe.es\/index.php\/wp-json\/wp\/v2\/tags?post=4714"}],"curies":[{"name":"wp","href":"https:\/\/api.w.org\/{rel}","templated":true}]}}