{"id":4703,"date":"2020-01-13T21:11:29","date_gmt":"2020-01-13T19:11:29","guid":{"rendered":"https:\/\/www.psc-psoe.es\/?p=4703"},"modified":"2020-01-13T21:11:29","modified_gmt":"2020-01-13T19:11:29","slug":"el-psoe-consigue-el-apoyo-regionalista-a-la-agenda-progresista-del-gobierno-de-sanchez-en-la-revision-del-pacto-de-gobierno-en-cantabria","status":"publish","type":"post","link":"https:\/\/www.psc-psoe.es\/index.php\/2020\/01\/13\/el-psoe-consigue-el-apoyo-regionalista-a-la-agenda-progresista-del-gobierno-de-sanchez-en-la-revision-del-pacto-de-gobierno-en-cantabria\/","title":{"rendered":"El PSOE consigue el apoyo regionalista a la agenda progresista del Gobierno de S\u00e1nchez en la revisi\u00f3n del pacto de gobierno en Cantabria"},"content":{"rendered":"<p><strong>Santander, 13 de enero de 2020<\/strong>. La secretaria de organizaci\u00f3n del PSOE Cantabria y miembro de la comisi\u00f3n de seguimiento del pacto entre PSOE y PRC, Noelia Cobo, ha ratificado hoy el acuerdo de Gobierno entre ambos partidos incluyendo, adem\u00e1s, la agenda progresista que Pedro S\u00e1nchez anunci\u00f3 en su investidura el pasado 3 de enero.<\/p>\n<p>Por otro lado, Cobo ha reiterado ante los medios de comunicaci\u00f3n el compromiso de los socialistas para con las inversiones de Cantabria, asegurando que en los Presupuestos Generales del Estado est\u00e1n incluidos compromisos con la regi\u00f3n \u201ccomo las infraestructuras o la deuda de Valdecilla\u201d. \u201cEl presidente del Gobierno, Pedro S\u00e1nchez, siempre ha cumplido con Cantabria y no tenemos duda de que los PGE incluir\u00e1n los compromisos con nuestra comunidad\u201d, ha afirmado.<\/p>\n<p>Asimismo, la secretaria de organizaci\u00f3n, ha insistido en \u201cla importancia del di\u00e1logo\u201d en lo que respecta tanto a la pol\u00edtica auton\u00f3mica, como a la municipal. \u201cHemos pedido a nuestro socio de Gobierno reuniones peri\u00f3dicas de la Comisi\u00f3n de Seguimiento del Pacto en las materias que afectan a los acuerdos del Gobierno de Cantabria\u201d, ha indicado. Respecto al \u00e1mbito municipal, tambi\u00e9n ha se\u00f1alado que los dos equipos se reunir\u00e1n \u201cregularmente\u201d para establecer y vigilar \u201cel correcto funcionamiento de los pactos municipales\u201d.<\/p>\n<p><strong><u>Agenda social<\/u><\/strong><\/p>\n<p>La tambi\u00e9n portavoz parlamentaria del Grupo Socialista, ha querido destacar la importancia de a\u00f1adir al pacto de Gobierno Regional la agenda progresista anunciada por Pedro S\u00e1nchez en el debate de investidura. \u201cHemos a\u00f1adido, entre otras actuaciones, la derogaci\u00f3n de la Reforma Laboral, la actualizaci\u00f3n de las pensiones, la Ley Contra el Cambio Clim\u00e1tico, la regulaci\u00f3n de los juegos de azar o la Ley de Igualdad\u201d, ha destacado Cobo.<\/p>\n<p>\u201cDichas iniciativas parlamentarias afectan a la agenda social de Cantabria y de Espa\u00f1a\u201d, ha explicado la secretaria de organizaci\u00f3n en referencia al \u201cvalor\u201d que supone que el Partido Regionalista de Cantabria haya decidido apoyarlas.<\/p>\n<p>Para Cobo, la reuni\u00f3n de seguimiento del pacto que se ha producido este lunes es \u201cpositiva y satisfactoria\u201d ya que se ha podido reafirmar el compromiso que existe entre sendos partidos, a\u00f1adiendo, tambi\u00e9n, \u201calgo tan importante para nosotros como las medidas sociales\u201d. <\/p>\n","protected":false},"excerpt":{"rendered":"<p>Santander, 13 de enero de 2020. La secretaria de organizaci\u00f3n del PSOE Cantabria y miembro de la comisi\u00f3n de seguimiento del pacto entre PSOE y PRC, Noelia Cobo, ha ratificado hoy el acuerdo de Gobierno entre ambos partidos incluyendo, adem\u00e1s, la agenda progresista que Pedro S\u00e1nchez anunci\u00f3 en su investidura el pasado 3 de enero. [&hellip;]<\/p>\n","protected":false},"author":1,"featured_media":4704,"comment_status":"open","ping_status":"closed","sticky":false,"template":"","format":"standard","meta":{"tdm_status":"","tdm_grid_status":"","footnotes":""},"categories":[25],"tags":[180,287,385,386],"class_list":["post-4703","post","type-post","status-publish","format-standard","has-post-thumbnail","hentry","category-actualidad","tag-noelia-cobo","tag-gobierno","tag-comision-de-seguimiento-del-pacto","tag-prc"],"_links":{"self":[{"href":"https:\/\/www.psc-psoe.es\/index.php\/wp-json\/wp\/v2\/posts\/4703","targetHints":{"allow":["GET"]}}],"collection":[{"href":"https:\/\/www.psc-psoe.es\/index.php\/wp-json\/wp\/v2\/posts"}],"about":[{"href":"https:\/\/www.psc-psoe.es\/index.php\/wp-json\/wp\/v2\/types\/post"}],"author":[{"embeddable":true,"href":"https:\/\/www.psc-psoe.es\/index.php\/wp-json\/wp\/v2\/users\/1"}],"replies":[{"embeddable":true,"href":"https:\/\/www.psc-psoe.es\/index.php\/wp-json\/wp\/v2\/comments?post=4703"}],"version-history":[{"count":0,"href":"https:\/\/www.psc-psoe.es\/index.php\/wp-json\/wp\/v2\/posts\/4703\/revisions"}],"wp:featuredmedia":[{"embeddable":true,"href":"https:\/\/www.psc-psoe.es\/index.php\/wp-json\/wp\/v2\/media\/4704"}],"wp:attachment":[{"href":"https:\/\/www.psc-psoe.es\/index.php\/wp-json\/wp\/v2\/media?parent=4703"}],"wp:term":[{"taxonomy":"category","embeddable":true,"href":"https:\/\/www.psc-psoe.es\/index.php\/wp-json\/wp\/v2\/categories?post=4703"},{"taxonomy":"post_tag","embeddable":true,"href":"https:\/\/www.psc-psoe.es\/index.php\/wp-json\/wp\/v2\/tags?post=4703"}],"curies":[{"name":"wp","href":"https:\/\/api.w.org\/{rel}","templated":true}]}}