{"id":4675,"date":"2020-01-03T15:51:22","date_gmt":"2020-01-03T13:51:22","guid":{"rendered":"https:\/\/www.psc-psoe.es\/?p=4675"},"modified":"2020-01-03T15:52:32","modified_gmt":"2020-01-03T13:52:32","slug":"comunicado-psc-psoe","status":"publish","type":"post","link":"https:\/\/www.psc-psoe.es\/index.php\/2020\/01\/03\/comunicado-psc-psoe\/","title":{"rendered":"Comunicado PSC-PSOE"},"content":{"rendered":"<p>La Comisi\u00f3n Ejecutiva Regional (CER) se ha reunido este viernes para abordar la situaci\u00f3n pol\u00edtica generada tras el anuncio este jueves por parte del PRC de cambiar el sentido de su voto en la pr\u00f3xima investidura de Pedro S\u00e1nchez que previsiblemente se celebrar\u00e1 el pr\u00f3ximo martes, 7 de enero.<\/p>\n<p>Desde el PSOE de Cantabria en ning\u00fan caso compartimos su postura. Este cambio de opini\u00f3n por parte de las y los regionalistas pone en riesgo la estabilidad pol\u00edtica de nuestra regi\u00f3n. El PRC firm\u00f3 un acuerdo de gobierno con el PSOE, acuerdo que las y los socialistas hemos cumplido. Por ello, consideramos que el Partido Regionalista debe recapacitar y volver a la situaci\u00f3n reiteradamente anunciada en los \u00faltimos meses de apoyo a la investidura de Pedro S\u00e1nchez. En este sentido, queremos insistir en que hay tiempo para recapacitar.<\/p>\n<p>El PRC anuncia un cambio de postura basado en unas impresiones falsas. La unidad de Espa\u00f1a no corre peligro porque el PSOE es garant\u00eda de que eso no suceder\u00e1 y porque, adem\u00e1s, creemos en el di\u00e1logo y en la b\u00fasqueda de consensos para solucionar los problemas de nuestro pa\u00eds.<\/p>\n<p>Pedro S\u00e1nchez ha cumplido y cumple con sus compromisos con Cantabria en lo referente a infraestructuras, a la deuda con el Hospital Universitario Marqu\u00e9s de Valdecilla, a las pol\u00edticas de igualdad y a la lucha contra la violencia de g\u00e9nero y esos compromisos firmados lo son con Cantabria y con las y los c\u00e1ntabros y no con el PRC.<\/p>\n<p>A nuestro juicio, el cambio de postura del Partido Regionalista significa dar la espalda a la subida del SMI, a la revalorizaci\u00f3n de las pensiones, a las ayudas a la dependencia o a la educaci\u00f3n p\u00fablica, universal y gratuita.<\/p>\n<p>Votando en contra de la investidura de S\u00e1nchez, el PRC traiciona a sus propios votantes formando un grupo parlamentario en el Congreso de los Diputados con Junts per Catalunya, el partido de Torra y Puigdemont permitiendo adem\u00e1s que este partido asuma la portavoc\u00eda del Grupo Mixto. <\/p>\n","protected":false},"excerpt":{"rendered":"<p>La Comisi\u00f3n Ejecutiva Regional (CER) se ha reunido este viernes para abordar la situaci\u00f3n pol\u00edtica generada tras el anuncio este jueves por parte del PRC de cambiar el sentido de su voto en la pr\u00f3xima investidura de Pedro S\u00e1nchez que previsiblemente se celebrar\u00e1 el pr\u00f3ximo martes, 7 de enero. Desde el PSOE de Cantabria en [&hellip;]<\/p>\n","protected":false},"author":2,"featured_media":4676,"comment_status":"open","ping_status":"closed","sticky":false,"template":"","format":"standard","meta":{"tdm_status":"","tdm_grid_status":"","footnotes":""},"categories":[14],"tags":[],"class_list":["post-4675","post","type-post","status-publish","format-standard","has-post-thumbnail","hentry","category-notas-de-prensa"],"_links":{"self":[{"href":"https:\/\/www.psc-psoe.es\/index.php\/wp-json\/wp\/v2\/posts\/4675","targetHints":{"allow":["GET"]}}],"collection":[{"href":"https:\/\/www.psc-psoe.es\/index.php\/wp-json\/wp\/v2\/posts"}],"about":[{"href":"https:\/\/www.psc-psoe.es\/index.php\/wp-json\/wp\/v2\/types\/post"}],"author":[{"embeddable":true,"href":"https:\/\/www.psc-psoe.es\/index.php\/wp-json\/wp\/v2\/users\/2"}],"replies":[{"embeddable":true,"href":"https:\/\/www.psc-psoe.es\/index.php\/wp-json\/wp\/v2\/comments?post=4675"}],"version-history":[{"count":0,"href":"https:\/\/www.psc-psoe.es\/index.php\/wp-json\/wp\/v2\/posts\/4675\/revisions"}],"wp:featuredmedia":[{"embeddable":true,"href":"https:\/\/www.psc-psoe.es\/index.php\/wp-json\/wp\/v2\/media\/4676"}],"wp:attachment":[{"href":"https:\/\/www.psc-psoe.es\/index.php\/wp-json\/wp\/v2\/media?parent=4675"}],"wp:term":[{"taxonomy":"category","embeddable":true,"href":"https:\/\/www.psc-psoe.es\/index.php\/wp-json\/wp\/v2\/categories?post=4675"},{"taxonomy":"post_tag","embeddable":true,"href":"https:\/\/www.psc-psoe.es\/index.php\/wp-json\/wp\/v2\/tags?post=4675"}],"curies":[{"name":"wp","href":"https:\/\/api.w.org\/{rel}","templated":true}]}}