{"id":4625,"date":"2019-12-23T17:54:39","date_gmt":"2019-12-23T15:54:39","guid":{"rendered":"https:\/\/www.psc-psoe.es\/?p=4625"},"modified":"2019-12-23T17:54:39","modified_gmt":"2019-12-23T15:54:39","slug":"la-ejecutiva-regional-del-psoe-de-cantabria-valora-positivamente-el-comite-regional-del-pasado-sabado-con-un-resultado-superior-al-74-a-favor-de-la-gestion","status":"publish","type":"post","link":"https:\/\/www.psc-psoe.es\/index.php\/2019\/12\/23\/la-ejecutiva-regional-del-psoe-de-cantabria-valora-positivamente-el-comite-regional-del-pasado-sabado-con-un-resultado-superior-al-74-a-favor-de-la-gestion\/","title":{"rendered":"La Ejecutiva Regional del PSOE de Cantabria valora positivamente el Comit\u00e9 Regional del pasado s\u00e1bado, con un resultado superior al 74% a favor de la gesti\u00f3n"},"content":{"rendered":"<p>Santander, a 23 de diciembre de 2019<\/p>\n<p>La Comisi\u00f3n Ejecutiva Regional del PSOE de Cantabria, reunida de manera extraordinaria en la ma\u00f1ana de hoy, ha valorado positivamente el resultado del Comit\u00e9 Regional, m\u00e1ximo \u00f3rgano entre congresos, celebrado el pasado s\u00e1bado, en el que se sacaron adelante los informes de gesti\u00f3n pol\u00edtica y administrativa con un respaldo superior al 74%.<\/p>\n<p>En este \u00f3rgano de direcci\u00f3n se ha reconocido el trabajo realizado a lo largo del 2019 en las distintas \u00e1reas que los y las miembros tienen atribuidas en la Ejecutiva.<\/p>\n<p>En esta reuni\u00f3n se han tratado distintos asuntos de tr\u00e1mite correspondientes al ejercicio de 2019, y se ha acordado la iniciaci\u00f3n de un expediente disciplinario a tres miembros del comit\u00e9 regional, tras haberse valorado en la comisi\u00f3n ejecutiva regional, el informe emitido por la Comisi\u00f3n de \u00c9tica y Garant\u00edas en el que se destacaba el incumplimiento de los Estatutos Federales y la vulneraci\u00f3n del c\u00f3digo \u00c9tico del PSOE, el pasado 29 de noviembre.<\/p>\n<p>En el citado informe se da cuenta del incumplimiento de los estatutos por estos afiliados al hacer declaraciones p\u00fablicas que inclu\u00edan veladas acusaciones sobre la actividad del PSC-PSOE todo ello fuera de los cauces que el partido tiene establecidos para dar curso a este tipo de cuestiones por parte de la militancia.<\/p>\n<p>Noelia Cobo ha recordado ante la Ejecutiva que esta forma de gestionar transparente y participativa forma parte de la identidad y de la naturaleza de esta direcci\u00f3n pol\u00edtica que encabeza Pablo Zuloaga y que \u201cha venido para quedarse\u201d indicando adem\u00e1s que \u201cCantabria necesita un partido como el nuestro que demuestra cada d\u00eda que se puede hacer pol\u00edtica para la gente\u201d. <\/p>\n","protected":false},"excerpt":{"rendered":"<p>Santander, a 23 de diciembre de 2019 La Comisi\u00f3n Ejecutiva Regional del PSOE de Cantabria, reunida de manera extraordinaria en la ma\u00f1ana de hoy, ha valorado positivamente el resultado del Comit\u00e9 Regional, m\u00e1ximo \u00f3rgano entre congresos, celebrado el pasado s\u00e1bado, en el que se sacaron adelante los informes de gesti\u00f3n pol\u00edtica y administrativa con un [&hellip;]<\/p>\n","protected":false},"author":1,"featured_media":4266,"comment_status":"open","ping_status":"closed","sticky":false,"template":"","format":"standard","meta":{"tdm_status":"","tdm_grid_status":"","footnotes":""},"categories":[25],"tags":[172,173,195,203],"class_list":["post-4625","post","type-post","status-publish","format-standard","has-post-thumbnail","hentry","category-actualidad","tag-reunion","tag-cer","tag-ejecutiva","tag-comite-regional"],"_links":{"self":[{"href":"https:\/\/www.psc-psoe.es\/index.php\/wp-json\/wp\/v2\/posts\/4625","targetHints":{"allow":["GET"]}}],"collection":[{"href":"https:\/\/www.psc-psoe.es\/index.php\/wp-json\/wp\/v2\/posts"}],"about":[{"href":"https:\/\/www.psc-psoe.es\/index.php\/wp-json\/wp\/v2\/types\/post"}],"author":[{"embeddable":true,"href":"https:\/\/www.psc-psoe.es\/index.php\/wp-json\/wp\/v2\/users\/1"}],"replies":[{"embeddable":true,"href":"https:\/\/www.psc-psoe.es\/index.php\/wp-json\/wp\/v2\/comments?post=4625"}],"version-history":[{"count":0,"href":"https:\/\/www.psc-psoe.es\/index.php\/wp-json\/wp\/v2\/posts\/4625\/revisions"}],"wp:featuredmedia":[{"embeddable":true,"href":"https:\/\/www.psc-psoe.es\/index.php\/wp-json\/wp\/v2\/media\/4266"}],"wp:attachment":[{"href":"https:\/\/www.psc-psoe.es\/index.php\/wp-json\/wp\/v2\/media?parent=4625"}],"wp:term":[{"taxonomy":"category","embeddable":true,"href":"https:\/\/www.psc-psoe.es\/index.php\/wp-json\/wp\/v2\/categories?post=4625"},{"taxonomy":"post_tag","embeddable":true,"href":"https:\/\/www.psc-psoe.es\/index.php\/wp-json\/wp\/v2\/tags?post=4625"}],"curies":[{"name":"wp","href":"https:\/\/api.w.org\/{rel}","templated":true}]}}