{"id":4616,"date":"2019-12-20T18:38:38","date_gmt":"2019-12-20T16:38:38","guid":{"rendered":"https:\/\/www.psc-psoe.es\/?p=4616"},"modified":"2019-12-20T18:38:38","modified_gmt":"2019-12-20T16:38:38","slug":"el-psoe-asegura-que-los-consejos-de-distrito-muestran-la-nula-voluntad-del-pp-y-ciudadanos-de-dar-voz-y-participacion-a-los-santanderinos","status":"publish","type":"post","link":"https:\/\/www.psc-psoe.es\/index.php\/2019\/12\/20\/el-psoe-asegura-que-los-consejos-de-distrito-muestran-la-nula-voluntad-del-pp-y-ciudadanos-de-dar-voz-y-participacion-a-los-santanderinos\/","title":{"rendered":"El PSOE asegura que los Consejos de Distrito muestran la nula voluntad del PP y Ciudadanos de dar voz y participaci\u00f3n a los santanderinos"},"content":{"rendered":"<p><span style=\"color: #000000;\">El\u00a0Grupo Municipal Socialista en el ayuntamiento de Santander\u00a0asegura que los Consejos de Distrito muestran \u00a0la nula voluntad del PP y Ciudadanos de\u00a0dar\u00a0voz y\u00a0participaci\u00f3n\u00a0a\u00a0los\u00a0<wbr \/>santanderinos en el Consistorio.<\/span><\/p>\n<p><span style=\"color: #000000;\">El secretario de Organizaci\u00f3n del PSOE y concejal en el ayuntamiento, Daniel Fern\u00e1ndez,\u00a0realiza estas declaraciones tras la convocatoria de constituci\u00f3n\u00a0de los\u00a04\u00a0Consejos de Distrito 7 meses despu\u00e9s del inicio de la legislatura.\u00a0Convocados para\u00a0este jueves, 19 de diciembre para su constituci\u00f3n sin ning\u00fan otro punto en el orden del d\u00eda.<\/span><\/p>\n<p><span style=\"color: #000000;\">\u201cUna evidencia m\u00e1s del desinter\u00e9s para implicar a la ciudadan\u00eda en la toma de decisiones municipales\u201d\u00a0afirma el concejal socialista, a la vez que destaca que\u00a0\u201cen Santander\u00a0se va\u00a0hacia atr\u00e1s en vez de hacia adelante\u00a0en materia de participaci\u00f3n ciudadana\u201d.<\/span><\/p>\n<p><span style=\"color: #000000;\">Fern\u00e1ndez\u00a0lamenta que el funcionamiento de los Consejos de Distrito \u201ctome\u00a0la misma forma, o peor,\u00a0que en la anterior legislatura, donde estuvieron m\u00e1s de un a\u00f1o sin convocarse,\u00a0pero al menos se constituyeron en septiembre de 2015\u201d.<\/span><\/p>\n<p><span style=\"color: #000000;\">Para los socialistas santanderinos, en palabras del secretario de Organizaci\u00f3n,\u00a0los Consejos\u00a0de Distrito\u00a0podr\u00edan\u00a0ser un buen \u00f3rgano de participaci\u00f3n vecinal \u201csi se apostar\u00e1\u00a0por ello\u201d,\u00a0 con convocatorias de reuniones peri\u00f3dicas con contenido \u201cpara que pudieran tomarse decisiones relevantes para los barrios de Santander.<\/span><\/p>\n<p><span style=\"color: #000000;\">Por ello, Fern\u00e1ndez propone\u00a0que\u00a0dichos Consejos funcionen \u201cde forma peri\u00f3dica y \u00e1gil\u201d, permitiendo que se adopten medidas que repercutan en beneficio de los vecinos \u201cque son quienes mejor conocen la realidad de sus barrios y como mejorarlos\u201d.<\/span><\/p>\n<p><span style=\"color: #000000;\">\u201cSe trata de\u00a0avanzar hacia un modelo de ayuntamiento m\u00e1s participativo\u00a0en el que se implique a los vecinos en los grandes proyectos de transformaci\u00f3n de la ciudad, como puede ser la reordenaci\u00f3n ferroviaria, pero tambi\u00e9n en aquellos proyectos menores, pero que mejoran las calles y barrios, y el d\u00eda a d\u00eda de los vecinos\u201d se\u00f1ala el\u00a0edil.<\/span><span style=\"color: #000000;\">\u00a0<\/span><\/p>\n<p><b><span style=\"color: #000000;\">Presupuestos Participativos<\/span><\/b><\/p>\n<p><span style=\"color: #000000;\">Por otra parte, Fern\u00e1ndez denuncia que el equipo de gobierno\u00a0PP y Ciudadanos \u201cno solo\u00a0no ha establecido ning\u00fan cauce previo de participaci\u00f3n ciudadana\u201d\u00a0para la\u00a0elaboraci\u00f3n del presupuesto municipal para 2020, sino que ha suprimido la partida de presupuestos participativos.<\/span><\/p>\n<p><span style=\"color: #000000;\">Fern\u00e1ndez critica\u00a0la supresi\u00f3n de la partida de\u00a01,5 millones\u00a0de euros para los presupuestos participativos, \u201claminando otro cauce m\u00e1s para\u00a0la escasa participaci\u00f3n que tienen los santanderinos en la toma\u00a0de decisiones del Ayuntamiento\u201d.<\/span><\/p>\n<p><span style=\"color: #000000;\">\u00a0<\/span><span style=\"color: #000000;\">\u201cUn ejemplo de la nula intenci\u00f3n del equipo de gobierno de reflejar en las cuentas la voluntad ciudadana\u201d critica, recordando que aunque las partidas para presupuestos participativos eran \u201csimb\u00f3licas\u201d, \u201cpermit\u00edan a los vecinos implicarse en proyectos para sus barrios\u201d.<\/span><\/p>\n<p><span style=\"color: #000000;\">Por \u00faltimo, Daniel Fern\u00e1ndez, asegura que la participaci\u00f3n es una pieza fundamental del desarrollo y el progreso de una ciudad, y el presupuesto es la herramienta donde deber\u00eda reflejarse la voluntad de dar espacio a los vecinos \u201cpara decidir sobre el modelo de ciudad que quieren.<\/span><a name=\"m_-7856914866577757286_m_-138476547555711540__GoBack\"><\/a> <\/p>\n","protected":false},"excerpt":{"rendered":"<p>El\u00a0Grupo Municipal Socialista en el ayuntamiento de Santander\u00a0asegura que los Consejos de Distrito muestran \u00a0la nula voluntad del PP y Ciudadanos de\u00a0dar\u00a0voz y\u00a0participaci\u00f3n\u00a0a\u00a0los\u00a0santanderinos en el Consistorio. El secretario de Organizaci\u00f3n del PSOE y concejal en el ayuntamiento, Daniel Fern\u00e1ndez,\u00a0realiza estas declaraciones tras la convocatoria de constituci\u00f3n\u00a0de los\u00a04\u00a0Consejos de Distrito 7 meses despu\u00e9s del inicio de [&hellip;]<\/p>\n","protected":false},"author":1,"featured_media":4617,"comment_status":"open","ping_status":"closed","sticky":false,"template":"","format":"standard","meta":{"tdm_status":"","tdm_grid_status":"","footnotes":""},"categories":[20,25],"tags":[30,188,378,379],"class_list":["post-4616","post","type-post","status-publish","format-standard","has-post-thumbnail","hentry","category-santander","category-actualidad","tag-santander","tag-ayuntamiento","tag-consejos-de-distrito","tag-daniel-fernandez"],"_links":{"self":[{"href":"https:\/\/www.psc-psoe.es\/index.php\/wp-json\/wp\/v2\/posts\/4616","targetHints":{"allow":["GET"]}}],"collection":[{"href":"https:\/\/www.psc-psoe.es\/index.php\/wp-json\/wp\/v2\/posts"}],"about":[{"href":"https:\/\/www.psc-psoe.es\/index.php\/wp-json\/wp\/v2\/types\/post"}],"author":[{"embeddable":true,"href":"https:\/\/www.psc-psoe.es\/index.php\/wp-json\/wp\/v2\/users\/1"}],"replies":[{"embeddable":true,"href":"https:\/\/www.psc-psoe.es\/index.php\/wp-json\/wp\/v2\/comments?post=4616"}],"version-history":[{"count":0,"href":"https:\/\/www.psc-psoe.es\/index.php\/wp-json\/wp\/v2\/posts\/4616\/revisions"}],"wp:featuredmedia":[{"embeddable":true,"href":"https:\/\/www.psc-psoe.es\/index.php\/wp-json\/wp\/v2\/media\/4617"}],"wp:attachment":[{"href":"https:\/\/www.psc-psoe.es\/index.php\/wp-json\/wp\/v2\/media?parent=4616"}],"wp:term":[{"taxonomy":"category","embeddable":true,"href":"https:\/\/www.psc-psoe.es\/index.php\/wp-json\/wp\/v2\/categories?post=4616"},{"taxonomy":"post_tag","embeddable":true,"href":"https:\/\/www.psc-psoe.es\/index.php\/wp-json\/wp\/v2\/tags?post=4616"}],"curies":[{"name":"wp","href":"https:\/\/api.w.org\/{rel}","templated":true}]}}