{"id":4583,"date":"2019-12-13T16:45:08","date_gmt":"2019-12-13T14:45:08","guid":{"rendered":"https:\/\/www.psc-psoe.es\/?p=4583"},"modified":"2019-12-13T16:45:09","modified_gmt":"2019-12-13T14:45:09","slug":"el-psoe-presenta-una-enmienda-a-la-totalidad-del-presupuesto-municipal-para-2020-con-mas-deuda-mas-impuestos-y-menos-inversiones","status":"publish","type":"post","link":"https:\/\/www.psc-psoe.es\/index.php\/2019\/12\/13\/el-psoe-presenta-una-enmienda-a-la-totalidad-del-presupuesto-municipal-para-2020-con-mas-deuda-mas-impuestos-y-menos-inversiones\/","title":{"rendered":"El PSOE presenta una enmienda a la totalidad del presupuesto municipal para 2020 con m\u00e1s deuda, m\u00e1s impuestos y menos inversiones"},"content":{"rendered":"<p><span style=\"color: #000000;\">El secretario general del PSOE y portavoz municipal en el Ayuntamiento de Santander, Pedro Casares, presenta hoy una enmienda a la totalidad del presupuesto municipal para Santander en 2020.<\/span><\/p>\n<p><span style=\"color: #000000;\">Casares denuncia que es un proyecto continuista de las pol\u00edticas del Partido Popular, \u201cal que ahora se ha sumado Ciudadanos\u201d, que por primera vez en muchos a\u00f1os, \u201cno cumplen con el desarrollo reglamentario en cuanto a plazos y no entrar\u00e1n en vigor el 1 de enero de 2020, fecha legalmente establecida\u201d.<\/span><\/p>\n<p><span style=\"color: #000000;\">\u201cPP y Cs han sido incapaces de poner en marcha los presupuestos a tiempo y han buscado para ello muchas excusas como las elecciones generales\u201d se\u00f1ala.<\/span><\/p>\n<p><span style=\"color: #000000;\">El portavoz del PSOE denuncia as\u00ed la \u201cincapacidad\u201d del equipo de Gobierno del PP y Ciudadanos para presentar las cuentas p\u00fablicas \u201cen tiempo y forma\u201d. Unas cuentas, puntualiza, que \u201cno son buenas para Santander\u201d, que ser\u00e1n \u201cincapaces de cumplir\u201d y para las que no han contado ni con el acuerdo del resto de partidos, ni con la ciudadan\u00eda.<\/span><\/p>\n<p><span style=\"color: #000000;\">Unos presupuestos, asegura, \u201ccon m\u00e1s deuda, m\u00e1s impuestos y menos inversiones\u201d. \u201cUnos presupuestos con m\u00e1s gasto corriente, m\u00e1s gasto superfluo y m\u00e1s sueldos para altos cargos\u201d, ha dicho.<\/span><\/p>\n<p><span style=\"color: #000000;\">En este sentido, el l\u00edder de los socialistas santanderinos ha aportado dos datos que evidencian la \u201cincapacidad del PP, ahora tambi\u00e9n con Ciudadanos, de desarrollar el presupuesto\u201d para 2020.<\/span><\/p>\n<p><span style=\"color: #000000;\">En primer lugar, recuerda que el 34% del gasto total presupuestado en 2018, que equivale a 96 millones de euros no se ha ejecutado \u201cni invertido en hacer ciudad\u201d, y que \u201cla partida m\u00e1s alarmante\u201d es la de las inversiones. \u201cSe han quedado sin hacer el 76,27%, m\u00e1s de 77 millones de euros\u201d denuncia.<\/span><\/p>\n<p><span style=\"color: #000000;\">Asimismo, Casares ha criticado que en las cuentas p\u00fablicas hay un incremento de impuestos directos de 0,72%,<\/span>\u00a0<span style=\"color: #000000;\"><span lang=\"ES\">hasta los 86,7 millones, 600.000 euros m\u00e1s, y los ingresos por tasas y precios p\u00fablicos aumentan un 1,49%, 550.000 euros m\u00e1s que en 2019. \u201cEn 2020 los santanderinos pagaremos alrededor de un mill\u00f3n de euros m\u00e1s\u201d<\/span>.<\/span><\/p>\n<p><span style=\"color: #000000;\">Seg\u00fan el portavoz socialista, la alcaldesa Gema Igual anunci\u00f3 que bajaba el IBI en 3,3 millones de euros pero no dijo que incrementaban la plusval\u00eda en 3,5 millones de euros. Tambi\u00e9n, ha resaltado que se incrementa la deuda en 12 millones de euros.<\/span><b><span style=\"color: #000000;\">\u00a0<\/span><\/b><\/p>\n<p><b><span style=\"color: #000000;\">Precio pol\u00edtico del Pacto con Ciudadanos<\/span><\/b><\/p>\n<p><span style=\"color: #000000;\">\u201c\u00bfM\u00e1s impuestos y m\u00e1s deuda para qu\u00e9?\u201d, se ha preguntado el portavoz socialista, al tiempo que ha explicado que estas cuentas \u201cson la consecuencia de un pacto entre PP y Ciudadanos que contaron a medias\u201d.<\/span><\/p>\n<p><span style=\"color: #000000;\">Asimismo, afirma que los gastos corrientes se han incrementado en un 5,29%, m\u00e1s de 4 millones de euros y\u00a0\u00a0<\/span><span style=\"color: #000000;\">que el gasto de los \u00f3rganos de Gobierno ha aumentado un 20%,<\/span><span style=\"color: #000000;\">\u00a0para pagar sueldos de altos cargos, \u201cel precio pol\u00edtico del Pacto de Gobierno\u201d. Y han incrementado el gasto en personal de confianza un 104%, \u201cpasando de 300.000 a m\u00e1s de 600.000 euros\u201d.<\/span><\/p>\n<p><span style=\"color: #000000;\">El portavoz del PSOE destaca que existen\u00a0\u00a0<\/span><span style=\"color: #000000;\">razones de fondo para dejar en evidencia las cuentas p\u00fablicas, ya que destinan \u201cmillones de euros a empresas privadas sin control y con un deterioro alarmante de la calidad de los servicios p\u00fablicos\u201d recordando los expedientes a Parques y Jardines, a la empresa de Limpieza y recogida de basuras o al expediente, caducado por dos veces, a Aqualia por el servicio de Aguas.<\/span><\/p>\n<p><span style=\"color: #000000;\">\u201cTodos los grandes contratos con los que el PP ha privatizado y externalizado servicios p\u00fablicos en este momento est\u00e1n con expedientes ante la falta absoluta de control durante todos estos a\u00f1os\u201d critica el edil.<\/span><\/p>\n<p><span style=\"color: #000000;\">Por \u00faltimo, Casares destaca que en los presupuestos municipales \u201cno hay un proyecto importante ni transformador de ciudad\u201d y que las pol\u00edticas de empleo \u201cest\u00e1n ausentes\u201d.<\/span><\/p>\n<p><span style=\"color: #000000;\">Adem\u00e1s, ha puntualizado que no se desarrollan pol\u00edticas sociales y que hay partidas \u201ctestimoniales\u201d destinadas a \u00e1reas de gobierno como tercera edad, 109.000 euros; Autonom\u00eda personal, 140.000 euros; Juventud, 276.000; Salud, 161.000 euros o Educaci\u00f3n, 469.000 euros.<\/span><\/p>\n<p><span style=\"color: #000000;\">\u201c<span lang=\"ES\">Un presupuesto que no es bueno para Santander, y que no es el que necesita la ciudad<\/span>.\u00a0<span lang=\"ES\">Tenemos muchas razones, en definitiva m\u00e1s de 170.000 razones, tantas como hombres y mujeres viven en Santander para presentar esta enmienda a la totalidad\u201d concluye.<\/span><\/span> <\/p>\n","protected":false},"excerpt":{"rendered":"<p>El secretario general del PSOE y portavoz municipal en el Ayuntamiento de Santander, Pedro Casares, presenta hoy una enmienda a la totalidad del presupuesto municipal para Santander en 2020. Casares denuncia que es un proyecto continuista de las pol\u00edticas del Partido Popular, \u201cal que ahora se ha sumado Ciudadanos\u201d, que por primera vez en muchos [&hellip;]<\/p>\n","protected":false},"author":1,"featured_media":4584,"comment_status":"open","ping_status":"closed","sticky":false,"template":"","format":"standard","meta":{"tdm_status":"","tdm_grid_status":"","footnotes":""},"categories":[20,25],"tags":[30,181,375,376],"class_list":["post-4583","post","type-post","status-publish","format-standard","has-post-thumbnail","hentry","category-santander","category-actualidad","tag-santander","tag-pedro-casares","tag-enmienda-a-la-totalidad","tag-presupuesto"],"_links":{"self":[{"href":"https:\/\/www.psc-psoe.es\/index.php\/wp-json\/wp\/v2\/posts\/4583","targetHints":{"allow":["GET"]}}],"collection":[{"href":"https:\/\/www.psc-psoe.es\/index.php\/wp-json\/wp\/v2\/posts"}],"about":[{"href":"https:\/\/www.psc-psoe.es\/index.php\/wp-json\/wp\/v2\/types\/post"}],"author":[{"embeddable":true,"href":"https:\/\/www.psc-psoe.es\/index.php\/wp-json\/wp\/v2\/users\/1"}],"replies":[{"embeddable":true,"href":"https:\/\/www.psc-psoe.es\/index.php\/wp-json\/wp\/v2\/comments?post=4583"}],"version-history":[{"count":0,"href":"https:\/\/www.psc-psoe.es\/index.php\/wp-json\/wp\/v2\/posts\/4583\/revisions"}],"wp:featuredmedia":[{"embeddable":true,"href":"https:\/\/www.psc-psoe.es\/index.php\/wp-json\/wp\/v2\/media\/4584"}],"wp:attachment":[{"href":"https:\/\/www.psc-psoe.es\/index.php\/wp-json\/wp\/v2\/media?parent=4583"}],"wp:term":[{"taxonomy":"category","embeddable":true,"href":"https:\/\/www.psc-psoe.es\/index.php\/wp-json\/wp\/v2\/categories?post=4583"},{"taxonomy":"post_tag","embeddable":true,"href":"https:\/\/www.psc-psoe.es\/index.php\/wp-json\/wp\/v2\/tags?post=4583"}],"curies":[{"name":"wp","href":"https:\/\/api.w.org\/{rel}","templated":true}]}}