{"id":4573,"date":"2019-12-05T13:45:41","date_gmt":"2019-12-05T11:45:41","guid":{"rendered":"https:\/\/www.psc-psoe.es\/?p=4573"},"modified":"2019-12-13T14:54:48","modified_gmt":"2019-12-13T12:54:48","slug":"el-psoe-insta-al-gobierno-a-sumarse-a-la-lucha-contra-el-cambio-climatico-eliminando-la-utilizacion-de-plasticos-de-un-solo-uso-en-las-instituciones","status":"publish","type":"post","link":"https:\/\/www.psc-psoe.es\/index.php\/2019\/12\/05\/el-psoe-insta-al-gobierno-a-sumarse-a-la-lucha-contra-el-cambio-climatico-eliminando-la-utilizacion-de-plasticos-de-un-solo-uso-en-las-instituciones\/","title":{"rendered":"El PSOE insta al Gobierno a sumarse a la lucha contra el cambio clim\u00e1tico eliminando la utilizaci\u00f3n de pl\u00e1sticos de un solo uso en las instituciones"},"content":{"rendered":"<p><strong>Santander, 5 de diciembre de 2019<\/strong>. La portavoz del Grupo Socialista, Noelia Cobo, y el diputado Javier Garc\u00eda-Oliva han presentado este jueves ante los medios de comunicaci\u00f3n una Proposici\u00f3n No de Ley (PNL) que insta al Gobierno de Cantabria a sumarse a la lucha contra el cambio clim\u00e1tico. El objetivo de esta PNL registrada ayer en el Parlamento de Cantabria, ser\u00e1 eliminar por completo la utilizaci\u00f3n de pl\u00e1sticos de un solo uso en todas las instituciones p\u00fablicas en un plazo m\u00e1ximo de seis meses.<\/p>\n<p>Con motivo de la Cumbre del Clima que se est\u00e1 celebrando en Madrid durante estos d\u00edas, el Grupo Socialista en el Parlamento de Cantabria ha querido sumarse a las acciones para frenar el cambio clim\u00e1tico, y lo ha hecho a trav\u00e9s de una PNL que se debatir\u00e1 en el pleno -previsiblemente- en el mes de febrero. \u201cDesde Cantabria queremos participar en esos cambios que ojal\u00e1 lleguen a tiempo para frenar esta gran crisis de la humanidad\u201d, ha resaltado Cobo.<\/p>\n<p>Por su parte, Garc\u00eda-Oliva ha afirmado que las socialistas y los socialistas est\u00e1n dispuestos a ser \u201cel \u2018Pepito Grillo\u2019 o esa conciencia que, a trav\u00e9s de propuestas, ayude a paliar este problema\u201d. \u201cEs una medida peque\u00f1a que tiene un efecto ejemplarizante ante la poblaci\u00f3n, pero creemos que la Administraci\u00f3n debe ir por delante y dar ejemplo a los ciudadanos y las ciudadanas\u201d, ha insistido el diputado en varias ocasiones.<\/p>\n<p>\u201cEn 2021 la Uni\u00f3n Europea prohibir\u00e1 el uso de pl\u00e1sticos de un solo uso, nosotros y nosotras queremos adelantarnos para, adem\u00e1s, alcanzar los Objetivos de Desarrollo Sostenible de las Naciones Unidas\u201d, han admitido.<\/p>\n<p>Asimismo, el diputado Javier Garc\u00eda-Oliva ha querido enfatizar la importancia de que a estas decisiones y compromisos para reducir las emisiones de CO2 a la atm\u00f3sfera, \u201cse deben unir los grandes pa\u00edses contaminantes\u201d, lo que, para el diputado no le resta importancia a estas \u201cacciones locales\u201d. En el caso de esta PNL, el fin ser\u00e1 acabar con el uso de vasos y cubiertos de pl\u00e1stico, o con botellines de agua, en Ayuntamientos, Parlamento, Gobierno de Cantabria, Universidad y dem\u00e1s organismos p\u00fablicos, de forma permanente y en los actos institucionales que se realicen.<\/p>\n<p>\u201cSabemos que existen alternativas al pl\u00e1stico de un solo uso, por lo que la medida que proponemos nos parece factible y esperamos contar con el respaldo del resto de grupos parlamentarios\u201d, han concluido ambos pol\u00edticos. <\/p>\n","protected":false},"excerpt":{"rendered":"<p>Santander, 5 de diciembre de 2019. La portavoz del Grupo Socialista, Noelia Cobo, y el diputado Javier Garc\u00eda-Oliva han presentado este jueves ante los medios de comunicaci\u00f3n una Proposici\u00f3n No de Ley (PNL) que insta al Gobierno de Cantabria a sumarse a la lucha contra el cambio clim\u00e1tico. El objetivo de esta PNL registrada ayer [&hellip;]<\/p>\n","protected":false},"author":1,"featured_media":4574,"comment_status":"open","ping_status":"closed","sticky":false,"template":"","format":"standard","meta":{"tdm_status":"","tdm_grid_status":"","footnotes":""},"categories":[24,25],"tags":[180,186,339,361,371,372],"class_list":["post-4573","post","type-post","status-publish","format-standard","has-post-thumbnail","hentry","category-partido","category-actualidad","tag-noelia-cobo","tag-cambio-climatico","tag-rueda-de-prensa","tag-pnl","tag-plasticos","tag-javier-garcia-oliva"],"_links":{"self":[{"href":"https:\/\/www.psc-psoe.es\/index.php\/wp-json\/wp\/v2\/posts\/4573","targetHints":{"allow":["GET"]}}],"collection":[{"href":"https:\/\/www.psc-psoe.es\/index.php\/wp-json\/wp\/v2\/posts"}],"about":[{"href":"https:\/\/www.psc-psoe.es\/index.php\/wp-json\/wp\/v2\/types\/post"}],"author":[{"embeddable":true,"href":"https:\/\/www.psc-psoe.es\/index.php\/wp-json\/wp\/v2\/users\/1"}],"replies":[{"embeddable":true,"href":"https:\/\/www.psc-psoe.es\/index.php\/wp-json\/wp\/v2\/comments?post=4573"}],"version-history":[{"count":0,"href":"https:\/\/www.psc-psoe.es\/index.php\/wp-json\/wp\/v2\/posts\/4573\/revisions"}],"wp:featuredmedia":[{"embeddable":true,"href":"https:\/\/www.psc-psoe.es\/index.php\/wp-json\/wp\/v2\/media\/4574"}],"wp:attachment":[{"href":"https:\/\/www.psc-psoe.es\/index.php\/wp-json\/wp\/v2\/media?parent=4573"}],"wp:term":[{"taxonomy":"category","embeddable":true,"href":"https:\/\/www.psc-psoe.es\/index.php\/wp-json\/wp\/v2\/categories?post=4573"},{"taxonomy":"post_tag","embeddable":true,"href":"https:\/\/www.psc-psoe.es\/index.php\/wp-json\/wp\/v2\/tags?post=4573"}],"curies":[{"name":"wp","href":"https:\/\/api.w.org\/{rel}","templated":true}]}}