{"id":4571,"date":"2019-12-04T17:34:20","date_gmt":"2019-12-04T15:34:20","guid":{"rendered":"https:\/\/www.psc-psoe.es\/?p=4571"},"modified":"2019-12-04T17:34:20","modified_gmt":"2019-12-04T15:34:20","slug":"el-psoe-cree-que-hay-muchas-dudas-y-falta-de-informacion-sobre-la-situacion-real-del-servicio-municipal-de-parques-y-jardines","status":"publish","type":"post","link":"https:\/\/www.psc-psoe.es\/index.php\/2019\/12\/04\/el-psoe-cree-que-hay-muchas-dudas-y-falta-de-informacion-sobre-la-situacion-real-del-servicio-municipal-de-parques-y-jardines\/","title":{"rendered":"El PSOE cree que hay \u201cmuchas dudas\u201d y falta de informaci\u00f3n sobre la situaci\u00f3n \u201creal\u201d del servicio municipal de Parques y Jardines"},"content":{"rendered":"<p>El Grupo Municipal Socialista en el ayuntamiento de Santander considera que hay \u201cmuchas dudas\u201d y falta de informaci\u00f3n sobre\u00a0la\u00a0\u201csituaci\u00f3n real\u201d del servicio de Parques y Jardines.<\/p>\n<p>As\u00ed lo expresa Ainoa Qui\u00f1ones, vicesecretaria general del PSOE y portavoz adjunta en el ayuntamiento de Santander, tras la\u00a0reuni\u00f3n de la comisi\u00f3n de Desarrollo Sostenible en la que ha participado.<\/p>\n<p>Qui\u00f1ones cree que la informaci\u00f3n hecha p\u00fablica es \u201cmuy grave\u201d y exige \u201cprudencia\u201d y \u201ccautela\u201d a la hora de valorar la veracidad de estos hechos \u201ccuando ni tan siquiera el funcionario relegado de las funciones de jefe de servicio ni la empresa adjudicataria han podido aportar sus alegaciones\u201d.<\/p>\n<p>\u201cPor el momento, y a la espera tambi\u00e9n de lo que tienen que decir la empresa adjudicataria y el funcionario al que se ha retirado cautelarmente de sus funciones, pedimos responsabilidad porque desconocemos que hay detr\u00e1s de todo esto\u201d, afirma.<\/p>\n<p>En este sentido, la n\u00famero dos de los socialistas santanderinos lo primero que lamenta es que la alcaldesa del PP, Gema Igual, haya preferido una vez m\u00e1s informar a los medios de\u00a0comunicaci\u00f3n\u00a0antes que a los grupos municipales de la Oposici\u00f3n. \u201cHemos sido los \u00faltimos en enterarnos de estos hechos, de los que no ten\u00edamos ninguna informaci\u00f3n pese a ser tan representantes de los santanderinos como el equipo de Gobierno\u201d, manifiesta.<\/p>\n<p>\u201cLa gravedad de lo que se denuncia pone de manifiesto la falta de control pol\u00edtico del PP durante todos estos a\u00f1os, en la gesti\u00f3n diaria de servicios fundamentales en un ayuntamiento como es Parques y Jardines, lo cual es tan grave como lo que se denuncia, porque evidencia una situaci\u00f3n de descontrol absoluto\u201d, critica la edil.<\/p>\n<p>\u00bfD\u00f3nde est\u00e1 la responsabilidad pol\u00edtica de quien ten\u00eda que velar por el normal funcionamiento del servicio municipal y de la gesti\u00f3n del d\u00eda a d\u00eda?\u00a0se\u00a0pregunta Qui\u00f1ones, que espera que esto no sea \u201cuna cortina de humo\u201d ante las cr\u00edticas a la nueva adjudicataria.<\/p>\n<p>Hasta el momento, se\u00f1ala la concejala socialista, \u201clo \u00fanico que sabemos es que seg\u00fan un informe hay facturas no validadas como corresponde pero tenemos que analizar y estudiar toda la\u00a0documentaci\u00f3n\u00a0para valorar la magnitud de los hechos que se denuncian y las responsabilidades que se desprenden de ello porque no parece razonable que recaiga todo en un funcionario municipal\u201d.<\/p>\n<p><strong>M\u00e1s de un a\u00f1o sin adjudicar el servicio<\/strong><\/p>\n<p>Qui\u00f1ones, que ha participado en la comisi\u00f3n de Desarrollo Sostenible junto a la concejala Ana Santurt\u00fan, recuerda que\u00a0ha pasado\u00a0m\u00e1s de un a\u00f1o con el servicio sin adjudicar a ninguna empresa\u00a0y el contrato actual caduc\u00f3 hace m\u00e1s de dos a\u00f1os.<\/p>\n<p>\u201cHemos\u00a0preguntado reiteradamente a la alcaldesa porque siguen buscando que se avale la adjudicaci\u00f3n a una empresa determinada que presentaba una baja desproporcionada\u00a0del 17%\u00a0y con todos los informes en contra, no solo del funcionario, sino tambi\u00e9n de Intervenci\u00f3n,\u00a0cuando solo cubre la masa salarial y no hay nada m\u00e1s para pagar un servicio como \u00e9ste, como es la renovaci\u00f3n de la maquinaria\u201d, explica la portavoz adjunta del PSOE.<\/p>\n<p>Por \u00faltimo, Ainoa Qui\u00f1ones muestra preocupaci\u00f3n por\u00a0el futuro de\u00a0los\u00a0200 trabajadores y sus familias\u00a0del servicio municipal \u201cque viven un autentico calvario desde hace m\u00e1s de un a\u00f1o ante la incertidumbre sobre lo que va a pasar con sus puestos de trabajo\u201d.<\/p>\n<p>\u201cHay un conflicto sin resolver entre este ayuntamiento, y las empresas que optaban a la adjudicaci\u00f3n de este servicio municipal. En medio de todo esto, ha aparecido esta informaci\u00f3n y por el momento queremos estudiarla, analizarla y ver qu\u00e9 hay de cierto en todo este asunto y cu\u00e1les son las consecuencias\u201d, concluye. <\/p>\n","protected":false},"excerpt":{"rendered":"<p>El Grupo Municipal Socialista en el ayuntamiento de Santander considera que hay \u201cmuchas dudas\u201d y falta de informaci\u00f3n sobre\u00a0la\u00a0\u201csituaci\u00f3n real\u201d del servicio de Parques y Jardines. As\u00ed lo expresa Ainoa Qui\u00f1ones, vicesecretaria general del PSOE y portavoz adjunta en el ayuntamiento de Santander, tras la\u00a0reuni\u00f3n de la comisi\u00f3n de Desarrollo Sostenible en la que ha [&hellip;]<\/p>\n","protected":false},"author":1,"featured_media":4538,"comment_status":"open","ping_status":"closed","sticky":false,"template":"","format":"standard","meta":{"tdm_status":"","tdm_grid_status":"","footnotes":""},"categories":[21,25],"tags":[30,188,356,370],"class_list":["post-4571","post","type-post","status-publish","format-standard","has-post-thumbnail","hentry","category-torrelavega","category-actualidad","tag-santander","tag-ayuntamiento","tag-ainoa-quinones","tag-parques-y-jardines"],"_links":{"self":[{"href":"https:\/\/www.psc-psoe.es\/index.php\/wp-json\/wp\/v2\/posts\/4571","targetHints":{"allow":["GET"]}}],"collection":[{"href":"https:\/\/www.psc-psoe.es\/index.php\/wp-json\/wp\/v2\/posts"}],"about":[{"href":"https:\/\/www.psc-psoe.es\/index.php\/wp-json\/wp\/v2\/types\/post"}],"author":[{"embeddable":true,"href":"https:\/\/www.psc-psoe.es\/index.php\/wp-json\/wp\/v2\/users\/1"}],"replies":[{"embeddable":true,"href":"https:\/\/www.psc-psoe.es\/index.php\/wp-json\/wp\/v2\/comments?post=4571"}],"version-history":[{"count":0,"href":"https:\/\/www.psc-psoe.es\/index.php\/wp-json\/wp\/v2\/posts\/4571\/revisions"}],"wp:featuredmedia":[{"embeddable":true,"href":"https:\/\/www.psc-psoe.es\/index.php\/wp-json\/wp\/v2\/media\/4538"}],"wp:attachment":[{"href":"https:\/\/www.psc-psoe.es\/index.php\/wp-json\/wp\/v2\/media?parent=4571"}],"wp:term":[{"taxonomy":"category","embeddable":true,"href":"https:\/\/www.psc-psoe.es\/index.php\/wp-json\/wp\/v2\/categories?post=4571"},{"taxonomy":"post_tag","embeddable":true,"href":"https:\/\/www.psc-psoe.es\/index.php\/wp-json\/wp\/v2\/tags?post=4571"}],"curies":[{"name":"wp","href":"https:\/\/api.w.org\/{rel}","templated":true}]}}