{"id":4568,"date":"2019-12-04T15:10:12","date_gmt":"2019-12-04T13:10:12","guid":{"rendered":"https:\/\/www.psc-psoe.es\/?p=4568"},"modified":"2019-12-04T15:10:12","modified_gmt":"2019-12-04T13:10:12","slug":"maria-isabel-fernandez-adquiere-su-condicion-plena-de-senadora","status":"publish","type":"post","link":"https:\/\/www.psc-psoe.es\/index.php\/2019\/12\/04\/maria-isabel-fernandez-adquiere-su-condicion-plena-de-senadora\/","title":{"rendered":"Mar\u00eda Isabel Fern\u00e1ndez, adquiere su condici\u00f3n plena de senadora"},"content":{"rendered":"<p><u>M<\/u><u>adrid, 04 de diciembre de 2019.<\/u>&#8211; Mar\u00eda Isabel Fern\u00e1ndez Guti\u00e9rrez que concurri\u00f3 el pasado 10 de noviembre a las elecciones legislativas en las listas que el PSOE present\u00f3 al Senado en la comunidad aut\u00f3noma de Cantabria ha adquirido este martes su condici\u00f3n plena de senador tras prometer acatar la Constituci\u00f3n ante el Pleno de la C\u00e1mara Alta.<\/p>\n<p>Con anterioridad y bajo la presidencia de una Mesa de Edad, ha tenido lugar la constituci\u00f3n definitiva del Senado con la elecci\u00f3n, mediante votaci\u00f3n nominal y secreta, de los miembros de la Mesa que presidir\u00e1 la C\u00e1mara Alta durante la XIV Legislatura, \u00f3rgano que estar\u00e1 presidido por la socialista Pilar Llop.<\/p>\n<p>Los parlamentarios han sido llamados, uno a uno, por la Presidenta de la C\u00e1mara para, como es preceptivo, tomarles declaraci\u00f3n de acatamiento ante un ejemplar de la Carta Magna.<\/p>\n<p>Una vez cumplido este tr\u00e1mite, los senadores c\u00e1ntabros han tomado posesi\u00f3n de sus esca\u00f1os en la bancada que en el hemiciclo ocupa el Grupo Socialista.<\/p>\n<p>Al inicio de su intervenci\u00f3n institucional, para dar por inaugurado el nuevo curso parlamentario, Pilar Llop ha subrayado que \u201cel Senado representa el poder territorial, el poder de lo peque\u00f1o\u201d y ha afirmado que \u201cesa cercan\u00eda con el ciudadano es lo m\u00e1s importante\u201d. Asimismo, ha hecho hincapi\u00e9 en\u00a0 la pluralidad, la diversidad, la igualdad y el medio ambiente, y ha apelado a los senadores y senadoras a reivindicar el consenso del Pacto de Estado contra la Violencia de G\u00e9nero. \u201cNadie debe volver a construir nunca m\u00e1s el mundo de los otros (de las mujeres, las minor\u00edas raciales y las personas LGTBI) sin su participaci\u00f3n, a sus espaldas. Esa es la base de una democracia moderna\u201d, ha a\u00f1adido. <\/p>\n","protected":false},"excerpt":{"rendered":"<p>Madrid, 04 de diciembre de 2019.&#8211; Mar\u00eda Isabel Fern\u00e1ndez Guti\u00e9rrez que concurri\u00f3 el pasado 10 de noviembre a las elecciones legislativas en las listas que el PSOE present\u00f3 al Senado en la comunidad aut\u00f3noma de Cantabria ha adquirido este martes su condici\u00f3n plena de senador tras prometer acatar la Constituci\u00f3n ante el Pleno de la [&hellip;]<\/p>\n","protected":false},"author":1,"featured_media":4569,"comment_status":"open","ping_status":"closed","sticky":false,"template":"","format":"standard","meta":{"tdm_status":"","tdm_grid_status":"","footnotes":""},"categories":[24,25],"tags":[204,220,369,175],"class_list":["post-4568","post","type-post","status-publish","format-standard","has-post-thumbnail","hentry","category-partido","category-actualidad","tag-elecciones","tag-isabel-fernandez","tag-toma-de-posesion","tag-senado"],"_links":{"self":[{"href":"https:\/\/www.psc-psoe.es\/index.php\/wp-json\/wp\/v2\/posts\/4568","targetHints":{"allow":["GET"]}}],"collection":[{"href":"https:\/\/www.psc-psoe.es\/index.php\/wp-json\/wp\/v2\/posts"}],"about":[{"href":"https:\/\/www.psc-psoe.es\/index.php\/wp-json\/wp\/v2\/types\/post"}],"author":[{"embeddable":true,"href":"https:\/\/www.psc-psoe.es\/index.php\/wp-json\/wp\/v2\/users\/1"}],"replies":[{"embeddable":true,"href":"https:\/\/www.psc-psoe.es\/index.php\/wp-json\/wp\/v2\/comments?post=4568"}],"version-history":[{"count":0,"href":"https:\/\/www.psc-psoe.es\/index.php\/wp-json\/wp\/v2\/posts\/4568\/revisions"}],"wp:featuredmedia":[{"embeddable":true,"href":"https:\/\/www.psc-psoe.es\/index.php\/wp-json\/wp\/v2\/media\/4569"}],"wp:attachment":[{"href":"https:\/\/www.psc-psoe.es\/index.php\/wp-json\/wp\/v2\/media?parent=4568"}],"wp:term":[{"taxonomy":"category","embeddable":true,"href":"https:\/\/www.psc-psoe.es\/index.php\/wp-json\/wp\/v2\/categories?post=4568"},{"taxonomy":"post_tag","embeddable":true,"href":"https:\/\/www.psc-psoe.es\/index.php\/wp-json\/wp\/v2\/tags?post=4568"}],"curies":[{"name":"wp","href":"https:\/\/api.w.org\/{rel}","templated":true}]}}