{"id":4564,"date":"2019-12-03T20:36:07","date_gmt":"2019-12-03T18:36:07","guid":{"rendered":"https:\/\/www.psc-psoe.es\/?p=4564"},"modified":"2025-04-01T15:17:15","modified_gmt":"2025-04-01T14:17:15","slug":"pedro-casares-se-muestra-orgulloso-ilusionado-y-comprometido-con-cantabria-tras-tomar-posesion-como-diputado-de-las-cortes-generales","status":"publish","type":"post","link":"https:\/\/www.psc-psoe.es\/index.php\/2019\/12\/03\/pedro-casares-se-muestra-orgulloso-ilusionado-y-comprometido-con-cantabria-tras-tomar-posesion-como-diputado-de-las-cortes-generales\/","title":{"rendered":"Pedro Casares se muestra \u201corgulloso\u201d, \u201cilusionado\u201d y \u201ccomprometido con Cantabria\u201d tras tomar posesi\u00f3n como diputado de las Cortes Generales"},"content":{"rendered":"<p>El secretario de Infraestructuras y Transportes de la Comisi\u00f3n Ejecutiva Federal del PSOE y diputado por Cantabria, Pedro Casares, ha prometido hoy el cargo en la sesi\u00f3n constitutiva de las Cortes Generales, en el Congreso de los Diputados.<\/p>\n<p>Casares, que forma parte desde hoy del Grupo Parlamentario Socialista &#8211; el m\u00e1s numeroso de la C\u00e1mara Baja &#8211; con 120 diputados, se ha mostrado \u201corgulloso\u201d, \u201cilusionado\u201d y \u201ccomprometido con Cantabria\u201d en el inicio de la decimocuarta legislatura de la democracia.<\/p>\n<p>\u201cHoy comienza una legislatura en la que debe prevalecer lo que nos une sobre lo que nos separa, y en la que el di\u00e1logo, la b\u00fasqueda de puntos de encuentro y el acuerdo deben ser sus ejes fundamentales\u201d ha se\u00f1alado al t\u00e9rmino de la sesi\u00f3n constitutiva, que se ha prolongado durante cinco horas y media.<\/p>\n<p>En este sentido, el secretario de Infraestructuras y Transportes de la Ejecutiva Federal del PSOE cree que \u201cla tarea m\u00e1s urgente\u201d que tienen los 350 diputados y diputadas es investir a Pedro S\u00e1nchez como Presidente del Gobierno para que pueda conformarse un Gobierno \u201cque d\u00e9 certidumbre y estabilidad\u201d y permita \u201cechar a andar tambi\u00e9n el trabajo parlamentario\u201d.<\/p>\n<p>El diputado c\u00e1ntabro ha pedido a su vez \u201caltura de miras\u201d a todos los diputados y diputadas elegidos por la circunscripci\u00f3n de Cantabria \u201cporque tener un Gobierno estable y de progreso para los pr\u00f3ximos a\u00f1os no solo es bueno para el conjunto de Espa\u00f1a y de los espa\u00f1oles, sino tambi\u00e9n para los intereses de nuestra regi\u00f3n\u201d.<\/p>\n<p>De esta forma, Casares ha recordado que proyectos como la llegada de la Alta Velocidad a Reinosa en 2024, la financiaci\u00f3n de la deuda hist\u00f3rica con el Hospital de Valdecilla, la inversi\u00f3n en carreteras o en la red de Cercan\u00edas o la colaboraci\u00f3n en proyectos culturales como la nueva sede del MUPAC en Santander \u201cnecesitan de un Gobierno que apruebe unos pr\u00f3ximos Presupuestos Generales del Estado en el que se contemplen partidas para el desarrollo y evoluci\u00f3n de estos proyectos\u201d.<\/p>\n<p>\u201cCantabria tiene por delante un futuro mejor, con proyectos decisivos para el desarrollo econ\u00f3mico y social, si de la responsabilidad de todos comienza la legislatura y puede comenzar el trabajo del Gobierno y del Parlamento\u201d ha se\u00f1alado el dirigente socialista.<\/p>\n<p>Por \u00faltimo, la senadora socialista por Cantabria, Isabel Fern\u00e1ndez, tambi\u00e9n ha tomado posesi\u00f3n como representante c\u00e1ntabra en el Senado, en la sesi\u00f3n constitutiva de la C\u00e1mara Alta que ha tenido lugar tambi\u00e9n en la jornada de hoy. <\/p>\n","protected":false},"excerpt":{"rendered":"<p>El secretario de Infraestructuras y Transportes de la Comisi\u00f3n Ejecutiva Federal del PSOE y diputado por Cantabria, Pedro Casares, ha prometido hoy el cargo en la sesi\u00f3n constitutiva de las Cortes Generales, en el Congreso de los Diputados. Casares, que forma parte desde hoy del Grupo Parlamentario Socialista &#8211; el m\u00e1s numeroso de la C\u00e1mara [&hellip;]<\/p>\n","protected":false},"author":1,"featured_media":4566,"comment_status":"open","ping_status":"closed","sticky":false,"template":"","format":"standard","meta":{"tdm_status":"","tdm_grid_status":"","footnotes":""},"categories":[20,420,25],"tags":[170,196,368],"class_list":["post-4564","post","type-post","status-publish","format-standard","has-post-thumbnail","hentry","category-santander","category-pedro-casares","category-actualidad","tag-casares","tag-congreso","tag-diputado"],"_links":{"self":[{"href":"https:\/\/www.psc-psoe.es\/index.php\/wp-json\/wp\/v2\/posts\/4564","targetHints":{"allow":["GET"]}}],"collection":[{"href":"https:\/\/www.psc-psoe.es\/index.php\/wp-json\/wp\/v2\/posts"}],"about":[{"href":"https:\/\/www.psc-psoe.es\/index.php\/wp-json\/wp\/v2\/types\/post"}],"author":[{"embeddable":true,"href":"https:\/\/www.psc-psoe.es\/index.php\/wp-json\/wp\/v2\/users\/1"}],"replies":[{"embeddable":true,"href":"https:\/\/www.psc-psoe.es\/index.php\/wp-json\/wp\/v2\/comments?post=4564"}],"version-history":[{"count":1,"href":"https:\/\/www.psc-psoe.es\/index.php\/wp-json\/wp\/v2\/posts\/4564\/revisions"}],"predecessor-version":[{"id":10094,"href":"https:\/\/www.psc-psoe.es\/index.php\/wp-json\/wp\/v2\/posts\/4564\/revisions\/10094"}],"wp:featuredmedia":[{"embeddable":true,"href":"https:\/\/www.psc-psoe.es\/index.php\/wp-json\/wp\/v2\/media\/4566"}],"wp:attachment":[{"href":"https:\/\/www.psc-psoe.es\/index.php\/wp-json\/wp\/v2\/media?parent=4564"}],"wp:term":[{"taxonomy":"category","embeddable":true,"href":"https:\/\/www.psc-psoe.es\/index.php\/wp-json\/wp\/v2\/categories?post=4564"},{"taxonomy":"post_tag","embeddable":true,"href":"https:\/\/www.psc-psoe.es\/index.php\/wp-json\/wp\/v2\/tags?post=4564"}],"curies":[{"name":"wp","href":"https:\/\/api.w.org\/{rel}","templated":true}]}}