{"id":4546,"date":"2019-11-29T16:11:26","date_gmt":"2019-11-29T14:11:26","guid":{"rendered":"https:\/\/www.psc-psoe.es\/?p=4546"},"modified":"2019-12-02T13:38:10","modified_gmt":"2019-12-02T11:38:10","slug":"el-psoe-presenta-en-el-parlamento-una-iniciativa-para-desarrollar-en-cantabria-el-plan-nacional-del-alzheimer","status":"publish","type":"post","link":"https:\/\/www.psc-psoe.es\/index.php\/2019\/11\/29\/el-psoe-presenta-en-el-parlamento-una-iniciativa-para-desarrollar-en-cantabria-el-plan-nacional-del-alzheimer\/","title":{"rendered":"El PSOE presenta en el Parlamento una iniciativa para desarrollar en Cantabria el Plan Nacional del Alzheimer"},"content":{"rendered":"<p style=\"font-weight: 400;\"><strong>Santander, 29 de noviembre de 2019<\/strong>. El\u00a0 PSOE ha presentado a trav\u00e9s del Grupo Socialista en el Parlamento de Cantabria una proposici\u00f3n no de ley instando al Gobierno a desarrollar en Cantabria el reci\u00e9n aprobado Plan Nacional del Alzheimer. Para los socialistas se trata de una de las iniciativas m\u00e1s demandadas por las distintas formaciones pol\u00edticas, por los familiares de pacientes y por el sector social y sanitario en general. En su elaboraci\u00f3n han participado el Grupo Estatal de Demencias as\u00ed como las organizaciones e instituciones m\u00e1s importantes en el \u00e1mbito de la investigaci\u00f3n sobre esta patolog\u00eda.<\/p>\n<p style=\"font-weight: 400;\">Seg\u00fan ha explicado la portavoz Noelia Cobo, el Plan Nacional de Alzh\u00e9imer y otras Demencias 2019\/2022, impulsado por el Gobierno de Espa\u00f1a desde el Ministerio de Sanidad, Consumo y Bienestar Social, ha sido acordado tanto en el seno del Consejo Territorial de Servicios Sociales y del Sistema para la Autonom\u00eda y Atenci\u00f3n a la Dependencia como en el Consejo Interterritorial del Sistema Nacional de Salud, \u00f3rganos compuestos por las Comunidades Aut\u00f3nomas y las Ciudades Aut\u00f3nomas junto a la Administraci\u00f3n General del Estado.<\/p>\n<p style=\"font-weight: 400;\">Para la tambi\u00e9n secretaria de Organizaci\u00f3n de los socialistas de Cantabria, esta es una enfermedad que padecen las personas afectadas, pero que tambi\u00e9n se sufre en su entorno familiar y social, por lo que en su opini\u00f3n esta patolog\u00eda representa uno de los retos m\u00e1s importantes a los que se enfrentan las sociedades actuales, y a\u00fan m\u00e1s si cabe la sociedad espa\u00f1ola, dada la elevada tasa de envejecimiento de su poblaci\u00f3n y la alta prevalencia de la enfermedad en los colectivos de mayor edad.<\/p>\n<p style=\"font-weight: 400;\">Cobo se ha mostrado convencida de que el resto de grupos parlamentarios prestar\u00e1n su apoyo a esta iniciativa dado el alto grado de consenso reunido a favor del desarrollo de este plan nacional.<\/p>\n<p style=\"font-weight: 400;\"><strong>Un Plan Nacional de medidas concretas contra la enfermedad<\/strong><\/p>\n<p style=\"font-weight: 400;\">El plan incorpora una serie de medidas espec\u00edficas destinadas al conocimiento y concienciaci\u00f3n del conjunto de la sociedad sobre la enfermedad, que se estructuran en diferentes principios como la sensibilizaci\u00f3n y transformaci\u00f3n del entorno con el prop\u00f3sito de cambiar la visi\u00f3n que la sociedad tiene del Alzheimer.<\/p>\n<p style=\"font-weight: 400;\">Adem\u00e1s, el plan pone el acento en el valor de la persona cuidadora para incrementar su consideraci\u00f3n social y la mejora de las condiciones en las que desempe\u00f1an su labor. Aqu\u00ed se enmarca la recuperaci\u00f3n, por parte del Gobierno de Espa\u00f1a, de las cotizaciones a la seguridad social para las personas cuidadoras.<\/p>\n<p style=\"font-weight: 400;\">Un eje fundamental del Plan se centra en el desarrollo de pol\u00edticas de promoci\u00f3n de la salud, como el avance en el diagn\u00f3stico precoz y la elecci\u00f3n de los tratamientos m\u00e1s adecuados.<\/p>\n<p style=\"font-weight: 400;\">Por \u00faltimo, se recogen medidas para fomentar e impulsar la investigaci\u00f3n, la innovaci\u00f3n y el conocimiento sobre los factores determinantes de la enfermedad.<\/p>\n","protected":false},"excerpt":{"rendered":"<p>Santander, 29 de noviembre de 2019. El\u00a0 PSOE ha presentado a trav\u00e9s del Grupo Socialista en el Parlamento de Cantabria una proposici\u00f3n no de ley instando al Gobierno a desarrollar en Cantabria el reci\u00e9n aprobado Plan Nacional del Alzheimer. Para los socialistas se trata de una de las iniciativas m\u00e1s demandadas por las distintas formaciones [&hellip;]<\/p>\n","protected":false},"author":1,"featured_media":4547,"comment_status":"open","ping_status":"closed","sticky":false,"template":"","format":"standard","meta":{"tdm_status":"","tdm_grid_status":"","footnotes":""},"categories":[24,25],"tags":[179,287,360,361,362],"class_list":["post-4546","post","type-post","status-publish","format-standard","has-post-thumbnail","hentry","category-partido","category-actualidad","tag-parlamento","tag-gobierno","tag-alzheimer","tag-pnl","tag-plan-nacional-del-alzheimer"],"_links":{"self":[{"href":"https:\/\/www.psc-psoe.es\/index.php\/wp-json\/wp\/v2\/posts\/4546","targetHints":{"allow":["GET"]}}],"collection":[{"href":"https:\/\/www.psc-psoe.es\/index.php\/wp-json\/wp\/v2\/posts"}],"about":[{"href":"https:\/\/www.psc-psoe.es\/index.php\/wp-json\/wp\/v2\/types\/post"}],"author":[{"embeddable":true,"href":"https:\/\/www.psc-psoe.es\/index.php\/wp-json\/wp\/v2\/users\/1"}],"replies":[{"embeddable":true,"href":"https:\/\/www.psc-psoe.es\/index.php\/wp-json\/wp\/v2\/comments?post=4546"}],"version-history":[{"count":0,"href":"https:\/\/www.psc-psoe.es\/index.php\/wp-json\/wp\/v2\/posts\/4546\/revisions"}],"wp:featuredmedia":[{"embeddable":true,"href":"https:\/\/www.psc-psoe.es\/index.php\/wp-json\/wp\/v2\/media\/4547"}],"wp:attachment":[{"href":"https:\/\/www.psc-psoe.es\/index.php\/wp-json\/wp\/v2\/media?parent=4546"}],"wp:term":[{"taxonomy":"category","embeddable":true,"href":"https:\/\/www.psc-psoe.es\/index.php\/wp-json\/wp\/v2\/categories?post=4546"},{"taxonomy":"post_tag","embeddable":true,"href":"https:\/\/www.psc-psoe.es\/index.php\/wp-json\/wp\/v2\/tags?post=4546"}],"curies":[{"name":"wp","href":"https:\/\/api.w.org\/{rel}","templated":true}]}}