{"id":450,"date":"2018-11-20T18:17:53","date_gmt":"2018-11-20T18:17:53","guid":{"rendered":"http:\/\/psc-psoe.es\/?p=450"},"modified":"2018-12-19T17:51:28","modified_gmt":"2018-12-19T16:51:28","slug":"pablo-zuloaga-asegura-que-ningun-partido-puede-darnos-lecciones-ni-de-democracia-ni-de-debate-ni-de-futuro","status":"publish","type":"post","link":"https:\/\/www.psc-psoe.es\/index.php\/2018\/11\/20\/pablo-zuloaga-asegura-que-ningun-partido-puede-darnos-lecciones-ni-de-democracia-ni-de-debate-ni-de-futuro\/","title":{"rendered":"Pablo Zuloaga asegura que &#8220;ning\u00fan partido puede darnos lecciones, ni de democracia, ni de debate ni de futuro&#8221;"},"content":{"rendered":"<p>&nbsp;<\/p>\n<p><strong>El secretario general de PSOE de Cantabria, asegura que\u201cde esta Conferencia Pol\u00edtica se desprende un programa electoral, un contrato con la ciudadan\u00eda de Cantabria, que dar\u00e1 respuesta a las demandas diarias de nuestros vecinos y vecinas\u201d<br \/>\nPor su parte, Pedro Casares se\u00f1ala que &#8220;en Santander necesitamos m\u00e1s que nunca un proyecto pol\u00edtico fuerte en Cantabria, un PSOE de Cantabria volcado en esta ciudad con hacer posible una asignatura pendiente no por nosotros mismos, sino por la gente&#8221;<\/strong><\/p>\n<p style=\"font-weight: 400;\">El secretario general de PSOE de Cantabria, Pablo Zuloaga, asegura que \u201cel esfuerzo, la honradez, la tolerancia, la igualdad, la equidad o la lealtad, han sido y ser\u00e1n el motor que hace avanzar nuestro pa\u00eds cuando gobernamos los socialistas\u201d.<\/p>\n<p style=\"font-weight: 400;\">As\u00ed lo afirma Zuloaga durante la clausura de la primera Conferencia Pol\u00edtica celebrada por el PSOE de Cantabria durante este fin de semana en Santander. Un acto, en el que ha estado acompa\u00f1ado por la ministra de Sanidad Luisa Carcedo y el secretario general del PSOE Santander, Pedro Casares.<\/p>\n<p style=\"font-weight: 400;\">El l\u00edder de los y las socialistas asegura en su discurso que \u201cning\u00fan partido puede darnos lecciones ni de democracia, ni de debate ni de futuro\u201d.<\/p>\n<p style=\"font-weight: 400;\">A su juicio, esta Conferencia Pol\u00edtica &#8220;nos distingue de cualquier partido porque entre todos y todas hemos debatido nuestras propuestas y \u00a0hemos fijado la que ser\u00e1 la hoja de ruta para el futuro de nuestra regi\u00f3n\u201d.<\/p>\n<p style=\"font-weight: 400;\">\u201cDe esta Conferencia Pol\u00edtica se desprende un programa electoral, un contrato con la ciudadan\u00eda de Cantabria, que d\u00e9 respuesta a las demandas diarias de nuestros vecinos y vecinas\u201d, reitera.<\/p>\n<p style=\"font-weight: 400;\">Respuestas dice como \u201cafrontar el reto de la despoblaci\u00f3n rural, mejorar las condiciones de nuestro transporte de cercan\u00edas, generar m\u00e1s empleo y de mejor calidad o dar salida a nuestros j\u00f3venes y dar facilidades para vuelvan los que se marcharon en busca de oportunidades\u201d.<\/p>\n<p style=\"font-weight: 400;\">El dirigente socialista considera que \u201cdurante estos dos d\u00edas hemos demostrado que tenemos capacidad y voluntad para transformar Cantabria mejorando nuestro presente y nuestro futuro\u201d. &#8220;Este es un partido donde todos los y las militantes deciden, abierto y transparente, que crece d\u00eda a d\u00eda, que est\u00e1 en la calle, que es altavoz de la realidad social injusta, con liderazgo, con programa y organizado para ganar\u201d, resalta.<\/p>\n<p style=\"font-weight: 400;\">&#8220;Estamos dise\u00f1ando programas que atiendan las necesidades reales de la ciudadan\u00eda por eso consideramos innegociable la defensa de los servicios sociales, se\u00f1a de identidad del socialismo y nuestra apuesta decidida por un desarrollo econ\u00f3mico basado en la sostenibilidad ambiental y en la transici\u00f3n ecol\u00f3gica, como grandes oportunidades de crecimiento y de desarrollo&#8221;, explica.<\/p>\n<p style=\"font-weight: 400;\">Asimismo, considera que el futuro de Cantabria &#8220;se debe articular en torno a la industria de conocimiento&#8221; y para llevarlo a cabo, contin\u00faa, &#8220;debemos impulsar los centros p\u00fablicos de investigaci\u00f3n, innovaci\u00f3n y formaci\u00f3n&#8221;.<\/p>\n<p style=\"font-weight: 400;\">Por \u00faltimo, Zuloaga asegura que el PSOE de Cantabria &#8220;es el proyecto necesario, progresista con el que queremos que los c\u00e1ntabros y c\u00e1ntabras conf\u00eden en nosotros, porque estamos preparados para gobernar&#8221;. &#8220;Entre todos y todas estamos construyendo el proyecto socialista, somos ejemplo de gesti\u00f3n p\u00fablica, de escucha y tenemos fuerza e ilusi\u00f3n&#8221;, sostiene.<\/p>\n<p style=\"font-weight: 400;\"><strong>&#8220;Gobernar en Santander es una asignatura pendiente no por nosotros mismos, sino por la gente&#8221;<\/strong><\/p>\n<p style=\"font-weight: 400;\"><strong>\u00a0<\/strong><\/p>\n<p style=\"font-weight: 400;\">Asimismo, el secretario general del PSOE Santander y candidato a la alcald\u00eda de Santander, Pedro Casares, afirma que la Conferencia Pol\u00edtica &#8220;ha servido para fortalecer nuestro proyecto pol\u00edtico, para sentirnos orgullos de los que somos y representamos, y tambi\u00e9n para pensar porque somos socialistas&#8221;.<\/p>\n<p style=\"font-weight: 400;\">El socialista, se\u00f1ala que desde este partido &#8220;estamos cerrando heridas para que nunca m\u00e1s un pa\u00eds democr\u00e1tico que tenga en un altar a un dictador y a los y las que padecieron las consecuencias de la guerra civil y la dictadura en una cuneta, y eso es cerrar heridas de la historia&#8221;. &#8220;Estamos orgullos y orgullosas de esto y de mucho m\u00e1s despu\u00e9s de 7 a\u00f1os de recortes y de desigualdad del PP&#8221;, sostiene.<\/p>\n<p style=\"font-weight: 400;\">Por \u00faltimo, Casares asegura que &#8220;en Santander necesitamos m\u00e1s que nunca un proyecto pol\u00edtico fuerte en Cantabria, un PSOE de Cantabria volcado en esta ciudad con hacer posible una asignatura pendiente no por nosotros mismos, sino por la gente que no han tenido la oportunidad de tener un cambio pol\u00edtico en toda la etapa democr\u00e1tica&#8221;.<\/p>\n<p style=\"font-weight: 400;\">&#8220;Los socialistas tenemos que gobernar en Santander para poner fin a las pol\u00edticas del PP, a la soberbia, a la sin raz\u00f3n, a la falta de futuro pol\u00edtico y modelo de ciudad \u00a0y para poner fin a aquellos que ni siquiera saben gestionar los servicios fundamentales como la limpieza diaria, la recogida de basuras o el transporte p\u00fablico&#8221;, concluye.<\/p>\n<p><strong>\u00a0<\/strong> <\/p>\n","protected":false},"excerpt":{"rendered":"<p>&nbsp; El secretario general de PSOE de Cantabria, asegura que\u201cde esta Conferencia Pol\u00edtica se desprende un programa electoral, un contrato con la ciudadan\u00eda de Cantabria, que dar\u00e1 respuesta a las demandas diarias de nuestros vecinos y vecinas\u201d Por su parte, Pedro Casares se\u00f1ala que &#8220;en Santander necesitamos m\u00e1s que nunca un proyecto pol\u00edtico fuerte en [&hellip;]<\/p>\n","protected":false},"author":1,"featured_media":451,"comment_status":"open","ping_status":"open","sticky":false,"template":"","format":"standard","meta":{"tdm_status":"","tdm_grid_status":"","footnotes":""},"categories":[1],"tags":[47],"class_list":["post-450","post","type-post","status-publish","format-standard","has-post-thumbnail","hentry","category-uncategorized","tag-pablo-zuloaga"],"_links":{"self":[{"href":"https:\/\/www.psc-psoe.es\/index.php\/wp-json\/wp\/v2\/posts\/450","targetHints":{"allow":["GET"]}}],"collection":[{"href":"https:\/\/www.psc-psoe.es\/index.php\/wp-json\/wp\/v2\/posts"}],"about":[{"href":"https:\/\/www.psc-psoe.es\/index.php\/wp-json\/wp\/v2\/types\/post"}],"author":[{"embeddable":true,"href":"https:\/\/www.psc-psoe.es\/index.php\/wp-json\/wp\/v2\/users\/1"}],"replies":[{"embeddable":true,"href":"https:\/\/www.psc-psoe.es\/index.php\/wp-json\/wp\/v2\/comments?post=450"}],"version-history":[{"count":0,"href":"https:\/\/www.psc-psoe.es\/index.php\/wp-json\/wp\/v2\/posts\/450\/revisions"}],"wp:featuredmedia":[{"embeddable":true,"href":"https:\/\/www.psc-psoe.es\/index.php\/wp-json\/wp\/v2\/media\/451"}],"wp:attachment":[{"href":"https:\/\/www.psc-psoe.es\/index.php\/wp-json\/wp\/v2\/media?parent=450"}],"wp:term":[{"taxonomy":"category","embeddable":true,"href":"https:\/\/www.psc-psoe.es\/index.php\/wp-json\/wp\/v2\/categories?post=450"},{"taxonomy":"post_tag","embeddable":true,"href":"https:\/\/www.psc-psoe.es\/index.php\/wp-json\/wp\/v2\/tags?post=450"}],"curies":[{"name":"wp","href":"https:\/\/api.w.org\/{rel}","templated":true}]}}