{"id":4486,"date":"2019-11-07T12:52:17","date_gmt":"2019-11-07T10:52:17","guid":{"rendered":"https:\/\/www.psc-psoe.es\/?p=4486"},"modified":"2019-11-08T14:01:22","modified_gmt":"2019-11-08T12:01:22","slug":"casares-anuncia-un-plan-director-de-arte-rupestre-que-impulsara-cantabria-como-referente-cultural-y-turistico","status":"publish","type":"post","link":"https:\/\/www.psc-psoe.es\/index.php\/2019\/11\/07\/casares-anuncia-un-plan-director-de-arte-rupestre-que-impulsara-cantabria-como-referente-cultural-y-turistico\/","title":{"rendered":"Casares anuncia un Plan Director de Arte Rupestre que impulsar\u00e1 Cantabria como referente cultural y tur\u00edstico"},"content":{"rendered":"<p>El cabeza de lista al Congreso de los Diputados del PSOE, Pedro Casares, ha anunciado hoy en Santillana del Mar que si Pedro S\u00e1nchez es presidente del Gobierno el pr\u00f3ximo 10 de noviembre se elaborar\u00e1 un Plan Director de Arte Rupestre para Cantabria, con una partida presupuestaria desde el Ministerio de Cultura.<\/p>\n<p>Pedro Casares ha confirmado \u201cla apuesta decidida\u201d del Partido Socialista con los grandes proyectos culturales que tiene la regi\u00f3n, algo que supondr\u00e1 adem\u00e1s un reclamo tur\u00edstico.<\/p>\n<p>Asimismo, ha asegurado que el Gobierno de Espa\u00f1a quiere ayudar a que salgan adelante otros proyectos que se est\u00e1n desarrollando en estos momentos desde el Gobierno regional, como el Museo de Prehistoria de Cantabria (MUPAC); la llegada de la colecci\u00f3n ENAIRE, una de las m\u00e1s importantes de Arte Contempor\u00e1neo del pa\u00eds que va a recalar en Santander; o el centro asociado del Museo Reina Sof\u00eda.<\/p>\n<p>\u201cSi colaboramos todos y el Gobierno de Espa\u00f1a se involucra con Cantabria y sus proyectos culturales, esta regi\u00f3n puede estar situada no s\u00f3lo en el mapa de la cultura espa\u00f1ola, sino en el mapa de la cultura mundial\u201d.<\/p>\n<p>As\u00ed lo ha manifestado el candidato al Congreso durante una visita a Santillana del Mar junto al alcalde de la localidad, \u00c1ngel Rodr\u00edguez, y la candidata al Senado Isabel Fern\u00e1ndez. En este sentido, Casares ha destacado que Cantabria es \u201cun referente mundial del arte paleol\u00edtico y rupestre\u201d y ha recalcado \u201cla necesidad de contarlo al mundo para que sea un atractivo m\u00e1s para el turismo cultural y de calidad\u201d. \u201cQueremos tener un gobierno aliado de proyectos estrat\u00e9gicos y potenciar lo mucho y bueno que tiene Cantabria\u201d.<\/p>\n<p>Para el dirigente c\u00e1ntabro, \u201cponer en valor\u201d las Cuevas de Altamira, las Cuevas de Puente Viesgo o el Pendo en Camargo supone dar \u201cun santo cualitativo\u201d con el patrimonio cultural e hist\u00f3rico, a la vez que refuerza el papel de localidades como Santillana del Mar.<\/p>\n<p>Casares ha destacado que hay que seguir avanzando en otros compromisos culturales y desarrollar el Estatuto del Artista, una Ley de Mecenazgo y otros proyectos que pueda hacer que en la pr\u00f3xima legislatura sea la de la Cultura, algo que siempre favorecer\u00e1 a Santillana del Mar y a numerosos municipios de Cantabria.<\/p>\n<p>Por \u00faltimo, se ha mostrado convencido de que el Gobierno socialista de Espa\u00f1a va a colaborar con el gobierno c\u00e1ntabro para dar un impulso decidido\u00a0 al proyecto de la Fundaci\u00f3n Comillas para la rehabilitaci\u00f3n del edificio centenario de la Universidad. \u201cEst\u00e1 pendiente de que se sienten a trabajar las dos administraciones\u201d para dar un desarrollo a esa iniciativa. De hecho, ha recordado que \u201cgobiernos socialistas quisieron desarrollar, en anteriores etapas, proyectos muy importantes que pod\u00edan haber situado a Comillas en el centro de un eje cultural muy importante\u201d, algo \u201cque se vio paralizado\u201d con la llegada del PP al gobierno de\u00a0 la Naci\u00f3n y al de Cantabria. <\/p>\n","protected":false},"excerpt":{"rendered":"<p>El cabeza de lista al Congreso de los Diputados del PSOE, Pedro Casares, ha anunciado hoy en Santillana del Mar que si Pedro S\u00e1nchez es presidente del Gobierno el pr\u00f3ximo 10 de noviembre se elaborar\u00e1 un Plan Director de Arte Rupestre para Cantabria, con una partida presupuestaria desde el Ministerio de Cultura. Pedro Casares ha [&hellip;]<\/p>\n","protected":false},"author":1,"featured_media":4487,"comment_status":"open","ping_status":"closed","sticky":false,"template":"","format":"standard","meta":{"tdm_status":"","tdm_grid_status":"","footnotes":""},"categories":[21,25],"tags":[177,205,276,325,326,327,328],"class_list":["post-4486","post","type-post","status-publish","format-standard","has-post-thumbnail","hentry","category-torrelavega","category-actualidad","tag-cantabria","tag-10n","tag-elecciones-generales","tag-plan-director","tag-arte-rupestre","tag-cultura","tag-turismo"],"_links":{"self":[{"href":"https:\/\/www.psc-psoe.es\/index.php\/wp-json\/wp\/v2\/posts\/4486","targetHints":{"allow":["GET"]}}],"collection":[{"href":"https:\/\/www.psc-psoe.es\/index.php\/wp-json\/wp\/v2\/posts"}],"about":[{"href":"https:\/\/www.psc-psoe.es\/index.php\/wp-json\/wp\/v2\/types\/post"}],"author":[{"embeddable":true,"href":"https:\/\/www.psc-psoe.es\/index.php\/wp-json\/wp\/v2\/users\/1"}],"replies":[{"embeddable":true,"href":"https:\/\/www.psc-psoe.es\/index.php\/wp-json\/wp\/v2\/comments?post=4486"}],"version-history":[{"count":0,"href":"https:\/\/www.psc-psoe.es\/index.php\/wp-json\/wp\/v2\/posts\/4486\/revisions"}],"wp:featuredmedia":[{"embeddable":true,"href":"https:\/\/www.psc-psoe.es\/index.php\/wp-json\/wp\/v2\/media\/4487"}],"wp:attachment":[{"href":"https:\/\/www.psc-psoe.es\/index.php\/wp-json\/wp\/v2\/media?parent=4486"}],"wp:term":[{"taxonomy":"category","embeddable":true,"href":"https:\/\/www.psc-psoe.es\/index.php\/wp-json\/wp\/v2\/categories?post=4486"},{"taxonomy":"post_tag","embeddable":true,"href":"https:\/\/www.psc-psoe.es\/index.php\/wp-json\/wp\/v2\/tags?post=4486"}],"curies":[{"name":"wp","href":"https:\/\/api.w.org\/{rel}","templated":true}]}}