{"id":4478,"date":"2019-11-06T13:25:51","date_gmt":"2019-11-06T11:25:51","guid":{"rendered":"https:\/\/www.psc-psoe.es\/?p=4478"},"modified":"2019-11-06T14:00:42","modified_gmt":"2019-11-06T12:00:42","slug":"casares-anuncia-que-el-psoe-incorporara-la-salud-bucodental-a-la-sanidad-publica","status":"publish","type":"post","link":"https:\/\/www.psc-psoe.es\/index.php\/2019\/11\/06\/casares-anuncia-que-el-psoe-incorporara-la-salud-bucodental-a-la-sanidad-publica\/","title":{"rendered":"Casares anuncia que el PSOE incorporar\u00e1 la salud bucodental a la Sanidad P\u00fablica"},"content":{"rendered":"<p style=\"font-weight: 400;\">El cabeza de lista al Congreso de los Diputados, Pedro Casares,\u00a0ha anunciado hoy que si Pedro S\u00e1nchez vuelve a ser presidente del Gobierno el pr\u00f3ximo 10 de noviembre, el Partido Socialista incorporar\u00e1 la salud bucodental a la cartera de servicios de la Sanidad P\u00fablica porque \u201ctiene que ser un derecho y una garant\u00eda para todos los ciudadanos\u201d.<\/p>\n<p style=\"font-weight: 400;\">Casares ha asegurado que el PSOE va a \u201cponer el foco en otras cuestiones importantes, como avanzar \u201cdesde la ciencia y desde la Sanidad P\u00fablica en la atenci\u00f3n y la investigaci\u00f3n de enfermedades raras,\u00a0 en la lucha contra el c\u00e1ncer, especialmente en el c\u00e1ncer infantil; y en el avance de pol\u00edticas que garanticen la universalidad del sistema, como la supresi\u00f3n de todos los copagos, \u201caunque ya hemos eliminado el farmac\u00e9utico\u201d, ha recordado.<\/p>\n<p style=\"font-weight: 400;\">El candidato al Congreso se ha comprometido a garantizar por Ley el derecho a una muerte digna, conocida como Ley de la Eutanasia para que las personas\u201ctengan calidad de vida, pero tambi\u00e9n puedan tenerla en las horas finales\u201d.<\/p>\n<p style=\"font-weight: 400;\">Por otro lado, Pedro Casares ha asegurado que un Gobierno con Pedro S\u00e1nchez al frente del Ejecutivo pagar\u00e1 los 121 millones de euros que quedan pendientes de la financiaci\u00f3n de las obras del Hospital Universitario Marqu\u00e9s de Valdecilla, algo que se har\u00e1 efectivo a trav\u00e9s de los Presupuestos Generales del Estado en sucesivas anualidades.<\/p>\n<p style=\"font-weight: 400;\">\u201cEl PSOE sabe de la importancia de la Sanidad P\u00fablica y de lo que ha supuesto para los hombres y mujeres de esta tierra\u201d, ha resaltado el candidato durante una visita a las inmediaciones del recinto hospitalario junto a director General de Transformaci\u00f3n Digital y Relaciones con los Usuarios de la Consejer\u00eda de Sanidad Santiago Garc\u00eda, concejales socialistas del Ayuntamiento de Santander y la portavoz del grupo parlamentario, Noelia Cobo.<\/p>\n<p style=\"font-weight: 400;\">Casares ha criticado la \u201cfalsa pol\u00e9mica\u201d protagonizada ayer por el l\u00edder nacional del PP, Pablo Casado, \u201cinvent\u00e1ndose que se le hab\u00eda vetado la visita a este hospital\u201d. De hecho, el dirigente c\u00e1ntabro ha recordado que \u201cpara huir de electoralismos con algo tan importante como es la Sanidad, hoy estamos nosotros aqu\u00ed en las afueras del recinto hospitalario como siempre se ha hecho en campa\u00f1as electorales\u201d.<\/p>\n<p style=\"font-weight: 400;\">Ha recordado que en 2015 fueron al Hospital Universitario I\u00f1igo de la Serna, Mariano Rajoy, Nacho Diego y Buruaga \u201ca hacerse la foto con el compromiso de que iban a pagar la deuda hist\u00f3rica de Valdecilla, aunque no hicieron nada de eso y s\u00ed nos endeudaron y privatizaron la Sanidad P\u00fablica\u201d.<\/p>\n<p style=\"font-weight: 400;\">En este sentido, Casares ha constatado que \u201cdurante 20 a\u00f1os habr\u00e1 que pagar ese contrato privado de 900 millones de euros\u201d y que el PP no resolvi\u00f3 ninguno de los problemas importantes con Valdecilla.<\/p>\n<p style=\"font-weight: 400;\">Por \u00faltimo, ha enfatizado que en los a\u00f1os de Gobierno de Rajoy, en todos los Presupuestos Generales del Estado desde 2015 hasta 2018, \u201co bien no met\u00edan la partida, o nos contaban que la iban a meter v\u00eda enmienda, o cuando met\u00edan la partida de 22 millones de euros no se pagaba. Hasta que no lleg\u00f3 un gobierno socialista no se empezaron a cumplir los compromisos con Valdecilla\u201d,ha recalcado.<\/p>\n","protected":false},"excerpt":{"rendered":"<p>El cabeza de lista al Congreso de los Diputados, Pedro Casares,\u00a0ha anunciado hoy que si Pedro S\u00e1nchez vuelve a ser presidente del Gobierno el pr\u00f3ximo 10 de noviembre, el Partido Socialista incorporar\u00e1 la salud bucodental a la cartera de servicios de la Sanidad P\u00fablica porque \u201ctiene que ser un derecho y una garant\u00eda para todos [&hellip;]<\/p>\n","protected":false},"author":1,"featured_media":4479,"comment_status":"open","ping_status":"closed","sticky":false,"template":"","format":"standard","meta":{"tdm_status":"","tdm_grid_status":"","footnotes":""},"categories":[25],"tags":[],"class_list":["post-4478","post","type-post","status-publish","format-standard","has-post-thumbnail","hentry","category-actualidad"],"_links":{"self":[{"href":"https:\/\/www.psc-psoe.es\/index.php\/wp-json\/wp\/v2\/posts\/4478","targetHints":{"allow":["GET"]}}],"collection":[{"href":"https:\/\/www.psc-psoe.es\/index.php\/wp-json\/wp\/v2\/posts"}],"about":[{"href":"https:\/\/www.psc-psoe.es\/index.php\/wp-json\/wp\/v2\/types\/post"}],"author":[{"embeddable":true,"href":"https:\/\/www.psc-psoe.es\/index.php\/wp-json\/wp\/v2\/users\/1"}],"replies":[{"embeddable":true,"href":"https:\/\/www.psc-psoe.es\/index.php\/wp-json\/wp\/v2\/comments?post=4478"}],"version-history":[{"count":0,"href":"https:\/\/www.psc-psoe.es\/index.php\/wp-json\/wp\/v2\/posts\/4478\/revisions"}],"wp:featuredmedia":[{"embeddable":true,"href":"https:\/\/www.psc-psoe.es\/index.php\/wp-json\/wp\/v2\/media\/4479"}],"wp:attachment":[{"href":"https:\/\/www.psc-psoe.es\/index.php\/wp-json\/wp\/v2\/media?parent=4478"}],"wp:term":[{"taxonomy":"category","embeddable":true,"href":"https:\/\/www.psc-psoe.es\/index.php\/wp-json\/wp\/v2\/categories?post=4478"},{"taxonomy":"post_tag","embeddable":true,"href":"https:\/\/www.psc-psoe.es\/index.php\/wp-json\/wp\/v2\/tags?post=4478"}],"curies":[{"name":"wp","href":"https:\/\/api.w.org\/{rel}","templated":true}]}}