{"id":4472,"date":"2019-11-06T10:14:19","date_gmt":"2019-11-06T08:14:19","guid":{"rendered":"https:\/\/www.psc-psoe.es\/?p=4472"},"modified":"2019-11-06T10:14:57","modified_gmt":"2019-11-06T08:14:57","slug":"casares-anuncia-que-el-psoe-destinara-8-millones-de-euros-de-los-pge-a-proyectos-concretos-de-emprendedores-en-cantabria","status":"publish","type":"post","link":"https:\/\/www.psc-psoe.es\/index.php\/2019\/11\/06\/casares-anuncia-que-el-psoe-destinara-8-millones-de-euros-de-los-pge-a-proyectos-concretos-de-emprendedores-en-cantabria\/","title":{"rendered":"Casares anuncia que el PSOE destinar\u00e1 8 millones de euros de los PGE a proyectos concretos de emprendedores en Cantabria"},"content":{"rendered":"<p style=\"font-weight: 400;\">El cabeza de lista al Congreso de los Diputados, Pedro Casares,\u00a0ha anunciado hoy en el Parque Cient\u00edfico y Tecnol\u00f3gico de Cantabria (PCTCAN) la apuesta \u201cdecidida\u201d del PSOE con la innovaci\u00f3n y el desarrollo tecnol\u00f3gico para que \u201cde la mano de las empresas y del sector p\u00fablico se puedan generar muchas oportunidades de empleo y desarrollo\u201d en nuestra regi\u00f3n y en el pa\u00eds.<\/p>\n<p style=\"font-weight: 400;\">En este sentido, Pedro Casares ha anunciado que \u201cEspa\u00f1a tiene que ser una naci\u00f3n emprendedora\u201d y que \u201cde la mano de un gobierno socialista, se desarrollar\u00e1 en Cantabria un paquete econ\u00f3mico espec\u00edfico con el Ministerio de Innovaci\u00f3n para que se dediquen 8 millones de euros de los Presupuestos Generales del Estado a proyectos concretos que puedan desarrollarse en lugares como el PCTCAN\u201d.<\/p>\n<p style=\"font-weight: 400;\">Adem\u00e1s, ha explicado que entre los objetivos que se ha marcado el gobierno de Pedro S\u00e1nchez est\u00e1 el compromiso de invertir el 2% del PIB en I+D+I porque es \u201cfundamental si queremos transformar el sector productivo de Espa\u00f1a y de Cantabria\u201d.<\/p>\n<p style=\"font-weight: 400;\">\u201cQueremos apostar porque todos los j\u00f3venes que se forman en la Universidad de Cantabria o en esta regi\u00f3n puedan desarrollar aqu\u00ed sus proyectos de futuro\u201d, ha valorado el dirigente c\u00e1ntabro, quien ha resaltado la apuesta del PSOE con el Proyecto de Retorno del Talento Joven: \u201cSi se marchan los j\u00f3venes de esta tierra estaremos perdiendo el futuro\u201d.<\/p>\n<p style=\"font-weight: 400;\">As\u00ed lo ha expresado el candidato al Congreso durante una visita a la empresa Teleport, acompa\u00f1ado de la directora general de Juventud del Gobierno de Espa\u00f1a, Ruth Carrasco; Noelia Cobo, secretaria General de Organizaci\u00f3n del PSC, y de la candidata al Senado, Isabel Fern\u00e1ndez.<\/p>\n<p style=\"font-weight: 400;\">\u201cEl futuro de Espa\u00f1a y de Cantabria pasa por la creaci\u00f3n de empleo de alto valor a\u00f1adido\u201d, ha dicho Casares, quien ha valorado que nuestra comunidad cuenta con \u201cuna ventaja competitiva, como la de contar con una de las mejores universidades p\u00fablicas de Espa\u00f1a que tiene grandes institutos de investigaci\u00f3n y porque tenemos un tejido empresarial que puede suponer un hecho diferenciador\u201d.<\/p>\n<p style=\"font-weight: 400;\">Para el candidato al Congreso es necesario avanzar en cuestiones estrat\u00e9gicas como la digitalizaci\u00f3n del la administraci\u00f3n para que se adapte a la nueva realidad y desarrollar un paquete de medidas de apoyo al emprendimiento, a las tecnolog\u00edas y a las empresas que desarrollan su actividad.<\/p>\n<p style=\"font-weight: 400;\">Por \u00faltimo, Casares ha asegurado que \u201ccualquier proyecto que quiera instalarse en Cantabria contar\u00e1 con la ayuda del Gobierno de la naci\u00f3n en colaboraci\u00f3n con el auton\u00f3mico\u201d.<\/p>\n","protected":false},"excerpt":{"rendered":"<p>El cabeza de lista al Congreso de los Diputados, Pedro Casares,\u00a0ha anunciado hoy en el Parque Cient\u00edfico y Tecnol\u00f3gico de Cantabria (PCTCAN) la apuesta \u201cdecidida\u201d del PSOE con la innovaci\u00f3n y el desarrollo tecnol\u00f3gico para que \u201cde la mano de las empresas y del sector p\u00fablico se puedan generar muchas oportunidades de empleo y desarrollo\u201d [&hellip;]<\/p>\n","protected":false},"author":1,"featured_media":4473,"comment_status":"open","ping_status":"closed","sticky":false,"template":"","format":"standard","meta":{"tdm_status":"","tdm_grid_status":"","footnotes":""},"categories":[24,25],"tags":[315,316,317,205,276,309,313,314],"class_list":["post-4472","post","type-post","status-publish","format-standard","has-post-thumbnail","hentry","category-partido","category-actualidad","tag-tecnologia","tag-emprendimiento","tag-proyectos","tag-10n","tag-elecciones-generales","tag-industria","tag-inversion","tag-idi"],"_links":{"self":[{"href":"https:\/\/www.psc-psoe.es\/index.php\/wp-json\/wp\/v2\/posts\/4472","targetHints":{"allow":["GET"]}}],"collection":[{"href":"https:\/\/www.psc-psoe.es\/index.php\/wp-json\/wp\/v2\/posts"}],"about":[{"href":"https:\/\/www.psc-psoe.es\/index.php\/wp-json\/wp\/v2\/types\/post"}],"author":[{"embeddable":true,"href":"https:\/\/www.psc-psoe.es\/index.php\/wp-json\/wp\/v2\/users\/1"}],"replies":[{"embeddable":true,"href":"https:\/\/www.psc-psoe.es\/index.php\/wp-json\/wp\/v2\/comments?post=4472"}],"version-history":[{"count":0,"href":"https:\/\/www.psc-psoe.es\/index.php\/wp-json\/wp\/v2\/posts\/4472\/revisions"}],"wp:featuredmedia":[{"embeddable":true,"href":"https:\/\/www.psc-psoe.es\/index.php\/wp-json\/wp\/v2\/media\/4473"}],"wp:attachment":[{"href":"https:\/\/www.psc-psoe.es\/index.php\/wp-json\/wp\/v2\/media?parent=4472"}],"wp:term":[{"taxonomy":"category","embeddable":true,"href":"https:\/\/www.psc-psoe.es\/index.php\/wp-json\/wp\/v2\/categories?post=4472"},{"taxonomy":"post_tag","embeddable":true,"href":"https:\/\/www.psc-psoe.es\/index.php\/wp-json\/wp\/v2\/tags?post=4472"}],"curies":[{"name":"wp","href":"https:\/\/api.w.org\/{rel}","templated":true}]}}