{"id":4450,"date":"2019-11-03T16:36:02","date_gmt":"2019-11-03T14:36:02","guid":{"rendered":"https:\/\/www.psc-psoe.es\/?p=4450"},"modified":"2025-04-01T15:17:16","modified_gmt":"2025-04-01T14:17:16","slug":"pedro-casares-apela-a-la-movilizacion-y-a-concentrar-el-voto-en-el-psoe-para-que-no-regrese-al-poder-la-derecha-con-sus-recortes","status":"publish","type":"post","link":"https:\/\/www.psc-psoe.es\/index.php\/2019\/11\/03\/pedro-casares-apela-a-la-movilizacion-y-a-concentrar-el-voto-en-el-psoe-para-que-no-regrese-al-poder-la-derecha-con-sus-recortes\/","title":{"rendered":"Pedro Casares apela a la movilizaci\u00f3n y a concentrar el voto en el PSOE para que no regrese al poder la derecha con sus recortes"},"content":{"rendered":"<p>El candidato al Congreso de los Diputados, Pedro Casares, ha reclamado la movilizaci\u00f3n masiva de la ciudadan\u00eda progresista para que el PSOE pueda volver a gobernar con fuerza y sin el bloqueo del resto de partidos. De hecho, ha instado a los votantes moderados, sensatos y de izquierdas, \u201ca los que en el pasado han votado a Unidas Podemos\u201d, para que apuesten por \u201cconcentrar el voto \u00fatil\u2019, ya que \u201ctodas las encuestas confirman que el Partido Socialista es el \u00fanico de izquierdas que va a obtener representaci\u00f3n parlamentaria\u201d.<\/p>\n<p>Pedro Casares ha asegurado hoy durante una visita a Cartes y Laredo que si gana el Partido Socialista el 10 de noviembre \u201cavanzan las mujeres, los trabajadores, los aut\u00f3nomos, empresarios, ganaderos, agricultores, j\u00f3venes y pensionistas\u201d. \u201cLa alternativa a un Gobierno de Pedro S\u00e1nchez\u201d, ha destacado, es que \u201cvendr\u00e1n las derechas y con ellas los recortes y todas esas pol\u00edticas que han desarrollado cuando han estado gobernando\u201d.<\/p>\n<p>El l\u00edder santanderino ha apelado a \u201cconcentrar el voto en la papeleta del PSOE\u201d para seguir avanzando y evitar la vuelta al bloqueo. Asimismo, ha puntualizado que si el \u201cPP suma con la extrema derecha de VOX y con Ciudadanos\u201d volver\u00e1n al Gobierno \u201ccon los recortes, la ley mordaza, la reforma laboral y a todas esas pol\u00edticas que condenaban a los pensionistas a subir las pensiones a un 0,25, a los j\u00f3venes a marcharse del pa\u00eds y a las mujeres que han sufrido en silencio la lacra intolerable de la violencia machista\u201d.<\/p>\n<p>El candidato socialista ha recordado que el resto de formaciones \u201cno tienen plan de gobierno y s\u00f3lo pretenden bloquear al PSOE. En este sentido, ha recalcado que el PP es el \u201cprimer partido condenado por corrupci\u00f3n en Democracia\u201d y que ahora hace \u201clo nunca visto, campa\u00f1as en B para intentar desmovilizar el voto progresista. La derecha quiere eso, que la gente progresista se quede en casa\u201d, algo que, seg\u00fan Casares, \u201cno van a conseguir\u201d.<\/p>\n<p>Por \u00faltimo, el cabeza de lista a la C\u00e1mara Baja ha instado a todos los c\u00e1ntabros que a\u00fan dudan o no tienen\u00a0 decidido su voto para que acudan a las urnas para consolidar el cambio que\u00a0 se inici\u00f3 hace a\u00f1o y medio, porque \u201cser\u00e1 la \u00fanica forma de que gane una Espa\u00f1a mejor, una Cantabria mejor que avance en los derechos y libertades y en todos los servicios p\u00fablicos que tanto nos han costado construir a lo largo de 40 a\u00f1os de democracia\u201d. <\/p>\n","protected":false},"excerpt":{"rendered":"<p>El candidato al Congreso de los Diputados, Pedro Casares, ha reclamado la movilizaci\u00f3n masiva de la ciudadan\u00eda progresista para que el PSOE pueda volver a gobernar con fuerza y sin el bloqueo del resto de partidos. De hecho, ha instado a los votantes moderados, sensatos y de izquierdas, \u201ca los que en el pasado han [&hellip;]<\/p>\n","protected":false},"author":1,"featured_media":4451,"comment_status":"open","ping_status":"closed","sticky":false,"template":"","format":"standard","meta":{"tdm_status":"","tdm_grid_status":"","footnotes":""},"categories":[20,24,420,25],"tags":[304,181,205,274,276,303],"class_list":["post-4450","post","type-post","status-publish","format-standard","has-post-thumbnail","hentry","category-santander","category-partido","category-pedro-casares","category-actualidad","tag-derechas","tag-pedro-casares","tag-10n","tag-pp","tag-elecciones-generales","tag-movilizacion"],"_links":{"self":[{"href":"https:\/\/www.psc-psoe.es\/index.php\/wp-json\/wp\/v2\/posts\/4450","targetHints":{"allow":["GET"]}}],"collection":[{"href":"https:\/\/www.psc-psoe.es\/index.php\/wp-json\/wp\/v2\/posts"}],"about":[{"href":"https:\/\/www.psc-psoe.es\/index.php\/wp-json\/wp\/v2\/types\/post"}],"author":[{"embeddable":true,"href":"https:\/\/www.psc-psoe.es\/index.php\/wp-json\/wp\/v2\/users\/1"}],"replies":[{"embeddable":true,"href":"https:\/\/www.psc-psoe.es\/index.php\/wp-json\/wp\/v2\/comments?post=4450"}],"version-history":[{"count":1,"href":"https:\/\/www.psc-psoe.es\/index.php\/wp-json\/wp\/v2\/posts\/4450\/revisions"}],"predecessor-version":[{"id":10100,"href":"https:\/\/www.psc-psoe.es\/index.php\/wp-json\/wp\/v2\/posts\/4450\/revisions\/10100"}],"wp:featuredmedia":[{"embeddable":true,"href":"https:\/\/www.psc-psoe.es\/index.php\/wp-json\/wp\/v2\/media\/4451"}],"wp:attachment":[{"href":"https:\/\/www.psc-psoe.es\/index.php\/wp-json\/wp\/v2\/media?parent=4450"}],"wp:term":[{"taxonomy":"category","embeddable":true,"href":"https:\/\/www.psc-psoe.es\/index.php\/wp-json\/wp\/v2\/categories?post=4450"},{"taxonomy":"post_tag","embeddable":true,"href":"https:\/\/www.psc-psoe.es\/index.php\/wp-json\/wp\/v2\/tags?post=4450"}],"curies":[{"name":"wp","href":"https:\/\/api.w.org\/{rel}","templated":true}]}}