{"id":4447,"date":"2019-11-02T18:13:54","date_gmt":"2019-11-02T16:13:54","guid":{"rendered":"https:\/\/www.psc-psoe.es\/?p=4447"},"modified":"2019-11-03T16:36:28","modified_gmt":"2019-11-03T14:36:28","slug":"el-psoe-afirma-que-invertir-en-educacion-publica-es-el-instrumento-mas-poderoso-para-garantizar-la-igualdad-el-futuro-y-el-progreso","status":"publish","type":"post","link":"https:\/\/www.psc-psoe.es\/index.php\/2019\/11\/02\/el-psoe-afirma-que-invertir-en-educacion-publica-es-el-instrumento-mas-poderoso-para-garantizar-la-igualdad-el-futuro-y-el-progreso\/","title":{"rendered":"El PSOE afirma que invertir en Educaci\u00f3n P\u00fablica \u201ces el instrumento m\u00e1s poderoso para garantizar la igualdad, el futuro y el progreso\u201d"},"content":{"rendered":"<p>La ministra Portavoz, Educaci\u00f3n y FP en funciones, Isabel Cela\u00e1, ha asegurado que \u201cel PSOE se sustenta gracias a la lucha por la desigualdad desde hace 140 a\u00f1os. Hemos sido capaces de construir piedra a piedra ese edificio que se sostiene gracias a un principio, que es el de la Igualdad\u201d.<\/p>\n<p>As\u00ed lo ha expresando hoy en Muriedas, d\u00f3nde ha participado en una comida-mitin junto a los cabezas de lista al Congreso y Senado, Pedro Casares e Isabel Fern\u00e1ndez; el secretario general de los socialistas c\u00e1ntabros, Pablo Zuloaga, y la alcaldesa de la localidad Esther Bolado.<\/p>\n<p>Isabel Cela\u00e1 ha dicho que \u201cla Educaci\u00f3n es desarrollo personal, pero adem\u00e1s es herramienta de igualdad. Es factor econ\u00f3mico de primer orden y es un ascensor social. Las derechas recortan la Educaci\u00f3n P\u00fablica porque ellos ya tienen sus mecanismos para formarse. La Educaci\u00f3n P\u00fablica es patrimonio del PSOE y patrimonio de todos, aquella que tiene que ser cuidada con esmero por los poderes p\u00fablicos.\u201d, ha puntualizado.<\/p>\n<p>La ministra de Educaci\u00f3n y portavoz del Gobierno en funciones ha recordado que el PSOE ha demostrado que \u201cen apenas unos meses se puede crecer socialmente y reducir el d\u00e9ficit, luchar por la cohesi\u00f3n territorial o revertir los recortes contra la Educaci\u00f3n, algo que \u201ces clave para aquellos que tienen menos y que han nacido en un ambiente sociocultural desigual al resto y que no han tenido ni oportunidades ni privilegios\u201d.<\/p>\n<p>Cela\u00e1 ha rememorado que tras el 28 de abril, \u201cel muro del bloqueo se levant\u00f3 para no dejarnos gobernar y coincidieron las derechas y las izquierdas\u201d. Asimismo, ha calificado de \u201chilarantes\u201d las acusaciones del resto del partidos, como la de Podemos, que \u00a0dice que \u201ctenemos un pacto con el PP\u201d, o la de los Populares que \u201cnos acusan de tener un pacto con VOX, con aquellos a los que hemos combatido a lo largo de nuestra historia, los caciques, los que quieren arruinar los derechos y lo que no quieren igualdad entre hombres y mujeres\u201d.<\/p>\n<p>Adem\u00e1s, ha incidido en que las derechas est\u00e1n haciendo \u201ccampa\u00f1a de desinformaci\u00f3n con el objetivo de evitar que la izquierda se movilice y vaya a votar\u201d. Una campa\u00f1a de desintoxicaci\u00f3n y de \u2018fake news\u201d al estilo de Trump o de Bolsonaro.<\/p>\n<p>No ha dudado en que si Gobierna la derecha habr\u00e1 recortes en pensiones y en el SMI, \u201cque recortar\u00e1n y recortar\u00e1n y reducir\u00e1n impuestos a quienes m\u00e1s tienen\u201d. Una fiscalidad justa para todos\u201d, ha puntualizado la ministra en funciones.<\/p>\n<p>Por otro lado, el PSOE apuesta por el empleo digno y decente, una Sanidad sin copagos, pensiones justas que mantengan el poder adquisitivo, Igualdad real y efectiva entre hombres y mujeres. Igualdad en Educaci\u00f3n desde los cero a\u00f1os hasta finalizar la Universidad o la Formaci\u00f3n Profesional; y una transici\u00f3n ecol\u00f3gica justa.<\/p>\n<p>Por su parte, el candidato al Congreso, Pedro Casares, ha recalcado que el PSOE \u201ces el \u00fanico que tiene un programa pol\u00edtico\u201d, mientras otros partidos hablan de subir un 50% sus votos, en relaci\u00f3n al PRC; o reclaman votos \u00fanicamente para bloquear a Pedro S\u00e1nchez, como hacen las \u2018tres derechas\u2019.<\/p>\n<p>Casares ha apelado al voto \u00fatil e insistido a los votantes que \u201cla \u00fanica papeleta que garantiza el futuro de Espa\u00f1a y de Cantabria es la del PSOE el pr\u00f3ximo 10 de noviembre\u201d. Ha insistido en la necesidad de movilizaci\u00f3n de todos aquellos que quieren un gobierno progresista,\u00a0 liderado por Pedro S\u00e1nchez, que \u201cdefienda la igualdad, a los m\u00e1s d\u00e9biles y los intereses de esta regi\u00f3n\u201d. \u201cLo mejor que pueden hacer es votar socialista porque somos los \u00fanicos que garantizan un gobierno y que garantizan el progreso\u201d.<\/p>\n<p>El l\u00edder santanderino ha defendido que invertir en Educaci\u00f3n es tambi\u00e9n invertir en igualdad y en futuro, \u201calgo que han venido haciendo Gobiernos socialistas desde su fundaci\u00f3n hace 140 a\u00f1os\u201d. \u00a0\u201cNo hay otro instrumento m\u00e1s poderoso para que un pa\u00eds progrese y avance que tener una ciudadan\u00eda formada, informada y preparada para afrontar retos\u201d. La Educaci\u00f3n P\u00fablica es el \u201cla mejor herramienta para acabar con la desigualdad y generar las mismas oportunidades para todos y todas\u201d.<\/p>\n<p>El candidato al Congreso ha dicho que gracias al PSOE se ha universalizado la Educaci\u00f3n hasta los 16 a\u00f1os, se\u00a0 han reducido las tasas universitarias y ampliado las becas. \u201cSomos el Partido que m\u00e1s ha hecho por la Educaci\u00f3n P\u00fablica y de calidad en todas las etapas educativas\u201d, ha puntualizado.<\/p>\n<p>Por su parte, el secretario general de los socialistas c\u00e1ntabros, Pablo Zuloaga, ha explicado que \u201cVOX en Cantabria lleva las riendas del PP y de Ciudadanos. Nadie sabe d\u00f3nde est\u00e1 Buruaga, nadie sabe d\u00f3nde est\u00e1n las propuestas del PP y eso es algo que hay que explicar porque, lamentablemente, VOX se ha llevado por delante a estas derechas que pretend\u00edan ser moderadas y no lo son\u201d.<\/p>\n<p>Finalmente, Zuloaga ha destacado que el PSOE \u201cno sabe hacer pol\u00edtica de otra manera m\u00e1s que estando al lado de la gente, blindando pol\u00edticas de igualdad y equiparando permisos de paternidad y maternidad; esto es lo que hay que seguir haciendo y as\u00ed lo haremos, porque tenemos fuerza y porque el 10 de noviembre vamos a tener un apoyo mucho mayor en las urnas\u201d, ha pronosticado. <\/p>\n","protected":false},"excerpt":{"rendered":"<p>La ministra Portavoz, Educaci\u00f3n y FP en funciones, Isabel Cela\u00e1, ha asegurado que \u201cel PSOE se sustenta gracias a la lucha por la desigualdad desde hace 140 a\u00f1os. Hemos sido capaces de construir piedra a piedra ese edificio que se sostiene gracias a un principio, que es el de la Igualdad\u201d. As\u00ed lo ha expresando [&hellip;]<\/p>\n","protected":false},"author":1,"featured_media":4448,"comment_status":"open","ping_status":"closed","sticky":false,"template":"","format":"standard","meta":{"tdm_status":"","tdm_grid_status":"","footnotes":""},"categories":[24,25],"tags":[300,301,302,205,276,299],"class_list":["post-4447","post","type-post","status-publish","format-standard","has-post-thumbnail","hentry","category-partido","category-actualidad","tag-ministra","tag-visita","tag-educacion","tag-10n","tag-elecciones-generales","tag-isabel-celaa"],"_links":{"self":[{"href":"https:\/\/www.psc-psoe.es\/index.php\/wp-json\/wp\/v2\/posts\/4447","targetHints":{"allow":["GET"]}}],"collection":[{"href":"https:\/\/www.psc-psoe.es\/index.php\/wp-json\/wp\/v2\/posts"}],"about":[{"href":"https:\/\/www.psc-psoe.es\/index.php\/wp-json\/wp\/v2\/types\/post"}],"author":[{"embeddable":true,"href":"https:\/\/www.psc-psoe.es\/index.php\/wp-json\/wp\/v2\/users\/1"}],"replies":[{"embeddable":true,"href":"https:\/\/www.psc-psoe.es\/index.php\/wp-json\/wp\/v2\/comments?post=4447"}],"version-history":[{"count":0,"href":"https:\/\/www.psc-psoe.es\/index.php\/wp-json\/wp\/v2\/posts\/4447\/revisions"}],"wp:featuredmedia":[{"embeddable":true,"href":"https:\/\/www.psc-psoe.es\/index.php\/wp-json\/wp\/v2\/media\/4448"}],"wp:attachment":[{"href":"https:\/\/www.psc-psoe.es\/index.php\/wp-json\/wp\/v2\/media?parent=4447"}],"wp:term":[{"taxonomy":"category","embeddable":true,"href":"https:\/\/www.psc-psoe.es\/index.php\/wp-json\/wp\/v2\/categories?post=4447"},{"taxonomy":"post_tag","embeddable":true,"href":"https:\/\/www.psc-psoe.es\/index.php\/wp-json\/wp\/v2\/tags?post=4447"}],"curies":[{"name":"wp","href":"https:\/\/api.w.org\/{rel}","templated":true}]}}