{"id":4444,"date":"2019-11-02T18:11:31","date_gmt":"2019-11-02T16:11:31","guid":{"rendered":"https:\/\/www.psc-psoe.es\/?p=4444"},"modified":"2019-11-02T18:11:31","modified_gmt":"2019-11-02T16:11:31","slug":"casares-apela-al-voto-util-para-reforzar-derechos-consolidar-un-gobierno-estable-y-avanzar-frente-al-bloqueo","status":"publish","type":"post","link":"https:\/\/www.psc-psoe.es\/index.php\/2019\/11\/02\/casares-apela-al-voto-util-para-reforzar-derechos-consolidar-un-gobierno-estable-y-avanzar-frente-al-bloqueo\/","title":{"rendered":"Casares apela al \u201cvoto \u00fatil\u201d para reforzar derechos, consolidar un gobierno estable y avanzar frente al bloqueo"},"content":{"rendered":"<p>El cabeza de lista al Congreso de los Diputados, Pedro Casares, ha transmitido hoy en Santa Cruz de Bezana el compromiso firme del PSOE con la Educaci\u00f3n P\u00fablica y ha reclamado a los hombres y mujeres de Cantabria que \u201csi quieren que se sigan reforzando sus derechos y algo tan importante como la Educaci\u00f3n, voten masivamente al Partido Socialista para que podamos avanzar frente al bloqueo del resto de partidos pol\u00edticos\u201d.<\/p>\n<p>Pedro Casares ha recordado que gracias al PSOE se ha universalizado la Educaci\u00f3n hasta los 16 a\u00f1os, se\u00a0 han reducido las tasas universitarias y ampliado las becas y ha explicado que\u00a0 uno de los nuevos compromiso socialistas es la extensi\u00f3n de la Educaci\u00f3n p\u00fablica y gratuita de 0 a 3 a\u00f1os.<\/p>\n<p>En este sentido, ha destacado que \u201csi Pedro S\u00e1nchez gobierna a partir del 10 de noviembre, la educaci\u00f3n gratuita para menores de tres a\u00f1os ser\u00e1 una realidad\u201d que afectar\u00e1 a los 102 municipios de Cantabria y que se desarrollar\u00e1 en colaboraci\u00f3n con los municipios y con el Gobierno de la regi\u00f3n.\u00a0 \u201cSomos el Partido que m\u00e1s ha hecho por la Educaci\u00f3n P\u00fablica y de calidad en todas las etapas educativas\u201d, ha puntualizado.<\/p>\n<p>El candidato al Congreso ha apelado a todos los votantes de izquierdas, progresistas y moderados a que se movilicen y opten por votar al Partido Socialista para que \u201cla formaci\u00f3n de gobierno sea una realidad y no entremos en lo que las derechas y Podemos quieren, que es bloquear el pa\u00eds\u201d.<\/p>\n<p>Por \u00faltimo, Pedro Casares, conf\u00eda en revalidar el n\u00famero de diputados y senadores por Cantabria que se obtuvo en las pasadas elecciones, e insiste en que para logarlo es \u201cimprescindible\u201d la movilizaci\u00f3n. <\/p>\n","protected":false},"excerpt":{"rendered":"<p>El cabeza de lista al Congreso de los Diputados, Pedro Casares, ha transmitido hoy en Santa Cruz de Bezana el compromiso firme del PSOE con la Educaci\u00f3n P\u00fablica y ha reclamado a los hombres y mujeres de Cantabria que \u201csi quieren que se sigan reforzando sus derechos y algo tan importante como la Educaci\u00f3n, voten [&hellip;]<\/p>\n","protected":false},"author":1,"featured_media":4445,"comment_status":"open","ping_status":"closed","sticky":false,"template":"","format":"standard","meta":{"tdm_status":"","tdm_grid_status":"","footnotes":""},"categories":[24,25],"tags":[298,205,276],"class_list":["post-4444","post","type-post","status-publish","format-standard","has-post-thumbnail","hentry","category-partido","category-actualidad","tag-bloqueo","tag-10n","tag-elecciones-generales"],"_links":{"self":[{"href":"https:\/\/www.psc-psoe.es\/index.php\/wp-json\/wp\/v2\/posts\/4444","targetHints":{"allow":["GET"]}}],"collection":[{"href":"https:\/\/www.psc-psoe.es\/index.php\/wp-json\/wp\/v2\/posts"}],"about":[{"href":"https:\/\/www.psc-psoe.es\/index.php\/wp-json\/wp\/v2\/types\/post"}],"author":[{"embeddable":true,"href":"https:\/\/www.psc-psoe.es\/index.php\/wp-json\/wp\/v2\/users\/1"}],"replies":[{"embeddable":true,"href":"https:\/\/www.psc-psoe.es\/index.php\/wp-json\/wp\/v2\/comments?post=4444"}],"version-history":[{"count":0,"href":"https:\/\/www.psc-psoe.es\/index.php\/wp-json\/wp\/v2\/posts\/4444\/revisions"}],"wp:featuredmedia":[{"embeddable":true,"href":"https:\/\/www.psc-psoe.es\/index.php\/wp-json\/wp\/v2\/media\/4445"}],"wp:attachment":[{"href":"https:\/\/www.psc-psoe.es\/index.php\/wp-json\/wp\/v2\/media?parent=4444"}],"wp:term":[{"taxonomy":"category","embeddable":true,"href":"https:\/\/www.psc-psoe.es\/index.php\/wp-json\/wp\/v2\/categories?post=4444"},{"taxonomy":"post_tag","embeddable":true,"href":"https:\/\/www.psc-psoe.es\/index.php\/wp-json\/wp\/v2\/tags?post=4444"}],"curies":[{"name":"wp","href":"https:\/\/api.w.org\/{rel}","templated":true}]}}