{"id":4438,"date":"2019-11-01T18:14:10","date_gmt":"2019-11-01T16:14:10","guid":{"rendered":"https:\/\/www.psc-psoe.es\/?p=4438"},"modified":"2019-11-01T18:14:10","modified_gmt":"2019-11-01T16:14:10","slug":"el-psoe-prohibira-el-corte-de-suministros-basicos-a-personas-y-familias-en-riesgo-de-exclusion-social","status":"publish","type":"post","link":"https:\/\/www.psc-psoe.es\/index.php\/2019\/11\/01\/el-psoe-prohibira-el-corte-de-suministros-basicos-a-personas-y-familias-en-riesgo-de-exclusion-social\/","title":{"rendered":"El PSOE prohibir\u00e1 el corte de suministros b\u00e1sicos a personas y familias en riesgo de exclusi\u00f3n social"},"content":{"rendered":"<p>El candidato del PSOE al Congreso de los Diputados, Pedro Casares, asegura que prohibir\u00e1 el corte de suministros b\u00e1sicos, de agua, luz y gas cuando el impago se deba a pobreza sobrevenida o a personas en situaci\u00f3n de vulnerabilidad<\/p>\n<p>Casares explica que combatir la pobreza y la desigualdad es uno de los treinta y cinco compromisos sociales urgentes del PSOE a partir del 10 de noviembre. \u201cLa pobreza, sobre todo la infantil, es el peor rostro de una sociedad democr\u00e1tica, que no puede permitirse dejar a nadie atr\u00e1s\u201d denuncia.<\/p>\n<p>Para ello, el cabeza de lista de los socialistas c\u00e1ntabros se\u00f1ala que se van a mejorar las prestaciones por hijo a cargo en las familias en riesgo de exclusi\u00f3n social\u00a0con medidas concretas que \u201ceviten que la pobreza siga siendo uno de los principales problemas de la infancia\u201d.<\/p>\n<p>\u201cEn Espa\u00f1a la tasa de riesgo de pobreza y exclusi\u00f3n afecta a un 28,3 % de los ni\u00f1os y ni\u00f1as, es decir, a 2,2 millones. Si no se toman medidas urgentes estaremos condenando a las futuras generaciones, por eso lo primero que hizo Pedro S\u00e1nchez al llegar al Gobierno en junio de 2018 fue crear un Alto Comisionado contra la Pobreza Infantil\u201d ha recordado.<\/p>\n<p><strong>Ingreso M\u00ednimo <\/strong><\/p>\n<p>El candidato socialista al Congreso de los Diputados anuncia tambi\u00e9n un ingreso m\u00ednimo para personas en situaciones de pobreza y exclusi\u00f3n porque \u201ces el peor rostro de una sociedad democr\u00e1tica, que no puede permitirse dejar a nadie atr\u00e1s\u201d.<\/p>\n<p>Dicha medida consistir\u00e1 en la creaci\u00f3n de una prestaci\u00f3n nueva dirigida a los hogares sin ingresos y en situaci\u00f3n de necesidad, sea cual sea la causa, como Prestaci\u00f3n No Contributiva de la Seguridad Social, similar a las Pensiones No Contributivas.<\/p>\n<p>\u201cSer\u00e1 concebida como la \u00faltima red de protecci\u00f3n\u201d explica Casares, que se\u00f1ala que en Cantabria ya existe una medida similar, el Ingreso M\u00ednimo Vital, puesto en marcha por un gobierno socialista en la regi\u00f3n durante la pasada legislatura. \u201cEn Cantabria llevamos a\u00f1os demostrando que cuando gobierna el PSOE las necesidades de las personas, los derechos m\u00e1s b\u00e1sicos y los pilares del Estado del Bienestar se protegen\u201d concluye. <\/p>\n","protected":false},"excerpt":{"rendered":"<p>El candidato del PSOE al Congreso de los Diputados, Pedro Casares, asegura que prohibir\u00e1 el corte de suministros b\u00e1sicos, de agua, luz y gas cuando el impago se deba a pobreza sobrevenida o a personas en situaci\u00f3n de vulnerabilidad Casares explica que combatir la pobreza y la desigualdad es uno de los treinta y cinco [&hellip;]<\/p>\n","protected":false},"author":1,"featured_media":4439,"comment_status":"open","ping_status":"closed","sticky":false,"template":"","format":"standard","meta":{"tdm_status":"","tdm_grid_status":"","footnotes":""},"categories":[25],"tags":[205,276,295,296,297],"class_list":["post-4438","post","type-post","status-publish","format-standard","has-post-thumbnail","hentry","category-actualidad","tag-10n","tag-elecciones-generales","tag-pobreza","tag-ingresos-minimos","tag-suministros-basicos"],"_links":{"self":[{"href":"https:\/\/www.psc-psoe.es\/index.php\/wp-json\/wp\/v2\/posts\/4438","targetHints":{"allow":["GET"]}}],"collection":[{"href":"https:\/\/www.psc-psoe.es\/index.php\/wp-json\/wp\/v2\/posts"}],"about":[{"href":"https:\/\/www.psc-psoe.es\/index.php\/wp-json\/wp\/v2\/types\/post"}],"author":[{"embeddable":true,"href":"https:\/\/www.psc-psoe.es\/index.php\/wp-json\/wp\/v2\/users\/1"}],"replies":[{"embeddable":true,"href":"https:\/\/www.psc-psoe.es\/index.php\/wp-json\/wp\/v2\/comments?post=4438"}],"version-history":[{"count":0,"href":"https:\/\/www.psc-psoe.es\/index.php\/wp-json\/wp\/v2\/posts\/4438\/revisions"}],"wp:featuredmedia":[{"embeddable":true,"href":"https:\/\/www.psc-psoe.es\/index.php\/wp-json\/wp\/v2\/media\/4439"}],"wp:attachment":[{"href":"https:\/\/www.psc-psoe.es\/index.php\/wp-json\/wp\/v2\/media?parent=4438"}],"wp:term":[{"taxonomy":"category","embeddable":true,"href":"https:\/\/www.psc-psoe.es\/index.php\/wp-json\/wp\/v2\/categories?post=4438"},{"taxonomy":"post_tag","embeddable":true,"href":"https:\/\/www.psc-psoe.es\/index.php\/wp-json\/wp\/v2\/tags?post=4438"}],"curies":[{"name":"wp","href":"https:\/\/api.w.org\/{rel}","templated":true}]}}