{"id":4435,"date":"2019-11-01T18:00:25","date_gmt":"2019-11-01T16:00:25","guid":{"rendered":"https:\/\/www.psc-psoe.es\/?p=4435"},"modified":"2019-11-01T19:14:16","modified_gmt":"2019-11-01T17:14:16","slug":"el-psoe-asegura-que-solo-un-gobierno-presidido-por-pedro-sanchez-tras-el-10n-defendera-en-bruselas-una-pac-mas-justa-con-las-necesidades-del-sector-agroalimentario","status":"publish","type":"post","link":"https:\/\/www.psc-psoe.es\/index.php\/2019\/11\/01\/el-psoe-asegura-que-solo-un-gobierno-presidido-por-pedro-sanchez-tras-el-10n-defendera-en-bruselas-una-pac-mas-justa-con-las-necesidades-del-sector-agroalimentario\/","title":{"rendered":"El PSOE asegura que solo un Gobierno presidido por Pedro S\u00e1nchez tras el 10N defender\u00e1 en Bruselas una PAC m\u00e1s justa con las necesidades del sector agroalimentario"},"content":{"rendered":"<p>El PSOE asegura que solo un Gobierno presidido por Pedro S\u00e1nchez tras el 10N defender\u00e1 en Bruselas una PAC m\u00e1s justa con las necesidades del sector agroalimentario<strong>. <\/strong><\/p>\n<p>Casares ha destacado que la PAC es fundamental para &#8220;garantizar el futuro de la actividad agr\u00edcola y ganadera&#8221;. Adem\u00e1s, ha reconocido que esa PAC del futuro debe trabajar de manera especial para la incorporaci\u00f3n al campo tanto de j\u00f3venes como de mujeres.<\/p>\n<p>\u201cAqu\u00ed no se trata de tener un diputado en Madrid que defienda a nuestros agricultores y ganaderos, aqu\u00ed se trata de tener una mayor\u00eda suficiente para conformar un Gobierno que pueda reivindicar en Bruselas los problemas y necesidades a los que se enfrenta d\u00eda a d\u00eda la gente que trabaja en el campo\u201d ha subrayado.<\/p>\n<p><strong>Formaci\u00f3n profesional para avanzar en la innovaci\u00f3n del sector primario<\/strong><\/p>\n<p>El cabeza de lista de los socialistas c\u00e1ntabros ha defendido la profesionalizaci\u00f3n de los j\u00f3venes en el \u00e1mbito agr\u00edcola y agroalimentario. As\u00ed se ha referido durante la visita que ha realizado hoy a la Feria de Arredondo, principal te de ganado ovino y caprino, acompa\u00f1ado del secretario general de los socialistas c\u00e1ntabros, Pablo Zuloaga, y miembros de las candidaturas al Congreso de los Diputados y al Senado.<\/p>\n<p>Para Casares \u201ces fundamental\u201d la innovaci\u00f3n en el sector primario. \u201cSi formamos a nuestros j\u00f3venes y damos una oportunidad a la transici\u00f3n en nuestras zonas rurales para que la agricultura y ganader\u00eda tradicional se reconviertan en actividades de futuro, no solo estaremos generando empleo de mayor calidad sino evitando tambi\u00e9n el \u00e9xodo, la despoblaci\u00f3n y el envejecimiento en el mundo rural\u201d ha expresado Casares.<\/p>\n<p>El cabeza de lista al Congreso asegura que solo el PSOE \u201cpegado\u00a0 a la realidad del mundo rural\u201d puede dar el impulso necesario a las actividades del sector primario, impulsado la I+D+i en el sector agrario y la industria agroalimentaria.<\/p>\n<p>Por ello, quiere que se incentive la producci\u00f3n sostenible en el sector agroalimentario c\u00e1ntabro. \u201cTenemos el producto de mejor calidad, solo necesitamos que se apueste decididamente por la transici\u00f3n del sector para que, adem\u00e1s, de calidad, el producto tenga unas caracter\u00edsticas que le desmarquen del resto de productos de otros pa\u00edses\u201d ha se\u00f1alado. <\/p>\n","protected":false},"excerpt":{"rendered":"<p>El PSOE asegura que solo un Gobierno presidido por Pedro S\u00e1nchez tras el 10N defender\u00e1 en Bruselas una PAC m\u00e1s justa con las necesidades del sector agroalimentario. Casares ha destacado que la PAC es fundamental para &#8220;garantizar el futuro de la actividad agr\u00edcola y ganadera&#8221;. Adem\u00e1s, ha reconocido que esa PAC del futuro debe trabajar [&hellip;]<\/p>\n","protected":false},"author":1,"featured_media":4442,"comment_status":"open","ping_status":"closed","sticky":false,"template":"","format":"standard","meta":{"tdm_status":"","tdm_grid_status":"","footnotes":""},"categories":[24,25],"tags":[205,276,290,291,292,293,294],"class_list":["post-4435","post","type-post","status-publish","format-standard","has-post-thumbnail","hentry","category-partido","category-actualidad","tag-10n","tag-elecciones-generales","tag-bruselas","tag-pac","tag-agricultura","tag-ganaderia","tag-sector-agroalimentario"],"_links":{"self":[{"href":"https:\/\/www.psc-psoe.es\/index.php\/wp-json\/wp\/v2\/posts\/4435","targetHints":{"allow":["GET"]}}],"collection":[{"href":"https:\/\/www.psc-psoe.es\/index.php\/wp-json\/wp\/v2\/posts"}],"about":[{"href":"https:\/\/www.psc-psoe.es\/index.php\/wp-json\/wp\/v2\/types\/post"}],"author":[{"embeddable":true,"href":"https:\/\/www.psc-psoe.es\/index.php\/wp-json\/wp\/v2\/users\/1"}],"replies":[{"embeddable":true,"href":"https:\/\/www.psc-psoe.es\/index.php\/wp-json\/wp\/v2\/comments?post=4435"}],"version-history":[{"count":0,"href":"https:\/\/www.psc-psoe.es\/index.php\/wp-json\/wp\/v2\/posts\/4435\/revisions"}],"wp:featuredmedia":[{"embeddable":true,"href":"https:\/\/www.psc-psoe.es\/index.php\/wp-json\/wp\/v2\/media\/4442"}],"wp:attachment":[{"href":"https:\/\/www.psc-psoe.es\/index.php\/wp-json\/wp\/v2\/media?parent=4435"}],"wp:term":[{"taxonomy":"category","embeddable":true,"href":"https:\/\/www.psc-psoe.es\/index.php\/wp-json\/wp\/v2\/categories?post=4435"},{"taxonomy":"post_tag","embeddable":true,"href":"https:\/\/www.psc-psoe.es\/index.php\/wp-json\/wp\/v2\/tags?post=4435"}],"curies":[{"name":"wp","href":"https:\/\/api.w.org\/{rel}","templated":true}]}}