{"id":4426,"date":"2019-10-31T16:24:12","date_gmt":"2019-10-31T14:24:12","guid":{"rendered":"https:\/\/www.psc-psoe.es\/?p=4426"},"modified":"2019-10-31T16:24:12","modified_gmt":"2019-10-31T14:24:12","slug":"el-psoe-quiere-que-los-permisos-de-paternidad-y-maternidad-se-equiparen-y-extiendan-hasta-16-semanas-y-sean-retribuidos-al-100","status":"publish","type":"post","link":"https:\/\/www.psc-psoe.es\/index.php\/2019\/10\/31\/el-psoe-quiere-que-los-permisos-de-paternidad-y-maternidad-se-equiparen-y-extiendan-hasta-16-semanas-y-sean-retribuidos-al-100\/","title":{"rendered":"El PSOE quiere que los permisos de paternidad y maternidad se equiparen y extiendan hasta 16 semanas y sean retribuidos al 100%"},"content":{"rendered":"<p>El PSOE de Cantabria ha anunciado hoy que uno de los compromisos del pr\u00f3ximo Gobierno liderado por Pedro S\u00e1nchez ser\u00e1 la racionalizaci\u00f3n\u00a0<span lang=\"ES-TRAD\">de horarios para favorecer la corresponsabilidad entre hombres y mujeres y la conciliaci\u00f3n de la vida personal, familiar y laboral.<\/span><\/p>\n<p><span lang=\"ES-TRAD\">Fern\u00e1ndez ha anunciado que se quiere materializar tambi\u00e9n, a partir del 10 de noviembre, la equiparaci\u00f3n de los permisos de paternidad y maternidad, que se extender\u00e1n hasta 16 semanas y ser\u00e1n retribuidos al 100%.<\/span><\/p>\n<p>\u201ces un paso de gigante y una medida fundamental para seguir avanzando en igualdad, que situar\u00eda a Espa\u00f1a en una situaci\u00f3n similar a la de otros pa\u00edses europeos\u201d.<\/p>\n<p>As\u00ed, Amaro Huelva ha recordado que \u201cya el Gobierno de Pedro S\u00e1nchez aprob\u00f3 en marzo de 2019 el Real Decreto-Ley de medidas urgentes para garantizar la igualdad entre mujeres y hombres en el empleo, que recog\u00eda, entre otras, ampliar el permiso de paternidad, intransferible y remunerado al 100%, de 5 a 8 semanas, una medida que ha beneficiado a muchas familias de esta provincia, ya que ha supuesto una ayuda important\u00edsima para estos padres y madres onubenses que han visto mejorada su conciliaci\u00f3n\u201d.<\/p>\n<p>\u201cEstamos ante una medida fundamental para seguir avanzando en igualdad, que situar\u00eda a Espa\u00f1a en una situaci\u00f3n similar a la de otros pa\u00edses europeos\u201d ha explicado.<\/p>\n<p>As\u00ed, Fern\u00e1ndez ha recordado que \u201cya el Gobierno de Pedro S\u00e1nchez aprob\u00f3 en marzo de 2019 el Real Decreto-Ley de medidas urgentes para garantizar la igualdad entre mujeres y hombres en el empleo, que recog\u00eda, entre otras, ampliar el permiso de paternidad, intransferible y remunerado al 100%, de 5 a 8 semanas\u201d.<\/p>\n<p><span lang=\"ES-TRAD\">As\u00ed lo han trasladado esta ma\u00f1ana la cabeza de lista del PSOE de Cantabria al Senado, Isabel Fern\u00e1ndez y la n\u00famero dos de la candidatura al Congreso, Mar\u00eda Jes\u00fas Calva, a Comisiones Obreras de Cantabria y su secretario general, Carlos S\u00e1nchez.<\/span><\/p>\n<p><b><span lang=\"ES-TRAD\">Racionalizaci\u00f3n de horarios<\/span><\/b><\/p>\n<p><span lang=\"ES-TRAD\">En la reuni\u00f3n, en la que tambi\u00e9n han participado la candidata al Senado, Roc\u00edo Rabago y la secretaria de Organizaci\u00f3n de los socialistas c\u00e1ntabros y portavoz del Grupo Parlamentario, Noelia Cobo, se ha avanzado en la propuesta de aprobar una Ley de usos del tiempo y racionalizaci\u00f3n de los horarios.<\/span><\/p>\n<p><span lang=\"ES-TRAD\">La candidata al Senado, Isabel Fern\u00e1ndez,\u00a0<\/span>ha expuesto que la mala distribuci\u00f3n del tiempo de trabajo se ha convertido en un &#8220;hecho diferencial&#8221; entre Espa\u00f1a y el resto de Europa. \u201cJornadas prolongadas hasta las siete, ocho o m\u00e1s tarde son una rareza en las econom\u00edas desarrolladas, a lo que a\u00f1adimos la jornada partida que hace imposible conciliar\u201d ha se\u00f1alado.<\/p>\n<p>En este sentido, Fern\u00e1ndez ha recordado que las mujeres, adem\u00e1s de su actividad laboral realizan las laborales dom\u00e9sticas. Seg\u00fan estudios, las mujeres emplean entre 4 y 5 horas diarias a tareas dom\u00e9sticas, mientras que los hombres emplean poco m\u00e1s de 1 hora a estas actividades.<\/p>\n<p>Por ello, la candidata al Senado considera que hay que desarrollar pol\u00edticas de igualdad que ayuden a la conciliaci\u00f3n tiene un impacto profundo en la igualdad de g\u00e9nero y en el reparto equitativo de las cargas dom\u00e9sticas, tambi\u00e9n en la econom\u00eda y en la calidad de la sociedad.<\/p>\n<p><span lang=\"ES-TRAD\">Ambas propuestas forman parte de los 35 compromisos sociales que el PSOE quiere poner en marcha \u201cde forma urgente\u201d a partir del 10 de noviembre, tras la configuraci\u00f3n de un Gobierno estable y de progreso para los pr\u00f3ximos a\u00f1os.<\/span> <\/p>\n","protected":false},"excerpt":{"rendered":"<p>El PSOE de Cantabria ha anunciado hoy que uno de los compromisos del pr\u00f3ximo Gobierno liderado por Pedro S\u00e1nchez ser\u00e1 la racionalizaci\u00f3n\u00a0de horarios para favorecer la corresponsabilidad entre hombres y mujeres y la conciliaci\u00f3n de la vida personal, familiar y laboral. Fern\u00e1ndez ha anunciado que se quiere materializar tambi\u00e9n, a partir del 10 de noviembre, [&hellip;]<\/p>\n","protected":false},"author":1,"featured_media":4427,"comment_status":"open","ping_status":"closed","sticky":false,"template":"","format":"standard","meta":{"tdm_status":"","tdm_grid_status":"","footnotes":""},"categories":[25],"tags":[284,285,205,276,281,282,283],"class_list":["post-4426","post","type-post","status-publish","format-standard","has-post-thumbnail","hentry","category-actualidad","tag-permisos-maternidad","tag-permisos","tag-10n","tag-elecciones-generales","tag-ccoo","tag-racionalizacion-horarios","tag-permisos-paternidad"],"_links":{"self":[{"href":"https:\/\/www.psc-psoe.es\/index.php\/wp-json\/wp\/v2\/posts\/4426","targetHints":{"allow":["GET"]}}],"collection":[{"href":"https:\/\/www.psc-psoe.es\/index.php\/wp-json\/wp\/v2\/posts"}],"about":[{"href":"https:\/\/www.psc-psoe.es\/index.php\/wp-json\/wp\/v2\/types\/post"}],"author":[{"embeddable":true,"href":"https:\/\/www.psc-psoe.es\/index.php\/wp-json\/wp\/v2\/users\/1"}],"replies":[{"embeddable":true,"href":"https:\/\/www.psc-psoe.es\/index.php\/wp-json\/wp\/v2\/comments?post=4426"}],"version-history":[{"count":0,"href":"https:\/\/www.psc-psoe.es\/index.php\/wp-json\/wp\/v2\/posts\/4426\/revisions"}],"wp:featuredmedia":[{"embeddable":true,"href":"https:\/\/www.psc-psoe.es\/index.php\/wp-json\/wp\/v2\/media\/4427"}],"wp:attachment":[{"href":"https:\/\/www.psc-psoe.es\/index.php\/wp-json\/wp\/v2\/media?parent=4426"}],"wp:term":[{"taxonomy":"category","embeddable":true,"href":"https:\/\/www.psc-psoe.es\/index.php\/wp-json\/wp\/v2\/categories?post=4426"},{"taxonomy":"post_tag","embeddable":true,"href":"https:\/\/www.psc-psoe.es\/index.php\/wp-json\/wp\/v2\/tags?post=4426"}],"curies":[{"name":"wp","href":"https:\/\/api.w.org\/{rel}","templated":true}]}}