{"id":4423,"date":"2019-10-30T20:16:25","date_gmt":"2019-10-30T18:16:25","guid":{"rendered":"https:\/\/www.psc-psoe.es\/?p=4423"},"modified":"2019-10-30T20:16:25","modified_gmt":"2019-10-30T18:16:25","slug":"el-psoe-se-compromete-a-elaborar-un-nuevo-estatuto-de-los-trabajadores-y-subir-el-salario-minimo-interprofesional","status":"publish","type":"post","link":"https:\/\/www.psc-psoe.es\/index.php\/2019\/10\/30\/el-psoe-se-compromete-a-elaborar-un-nuevo-estatuto-de-los-trabajadores-y-subir-el-salario-minimo-interprofesional\/","title":{"rendered":"El PSOE se compromete a elaborar un nuevo estatuto de los trabajadores y subir el salario m\u00ednimo interprofesional"},"content":{"rendered":"<p>El candidato al Congreso de los Diputados, Pedro Casares, ha garantizado la subida del salario m\u00ednimo interprofesional hasta los 1.200 euros al final de la legislatura, \u201cdespu\u00e9s de haber hecho ya el mayor esfuerzo de la historia con la subida ya aprobada por el Gobierno de Pedro S\u00e1nchez hasta los 900 euros\u201d.<\/p>\n<p>Casares ha expuesto este compromiso, uno de los 35 compromisos urgentes manifestados por el presidente del Gobierno en funciones, Pedro S\u00e1nchez, para poner en marcha a partir del 10 de noviembre, al secretario general de la UGT de Cantabria, Mariano Carmona.<\/p>\n<p>El cabeza de lista al Congreso de los Diputados ha recordado a este respecto que el Gobierno de Pedro S\u00e1nchez ha aumentado el SMI un 22% en 2019.<\/p>\n<p>El objetivo de los socialistas es aumentar el SMI, de forma progresiva y acordada en el marco del di\u00e1logo social de acuerdo con lo establecido en la Carta Social.<\/p>\n<p><strong>Nuevo estatuto de los trabajadores<\/strong><\/p>\n<p>Durante el encuentro con el l\u00edder sindical, Casares ha anunciado tambi\u00e9n la elaboraci\u00f3n de un nuevo estatuto de los trabajadores. En la reuni\u00f3n con Carmona, ha estado acompa\u00f1ado por la candidata al Congreso, Mar\u00eda Jes\u00fas Calva, la cabeza de lista al Senado, Isabel Fern\u00e1ndez, as\u00ed como por la secretaria de Organizaci\u00f3n de los socialistas c\u00e1ntabros y portavoz del Grupo Parlamentario, Noelia Cobo.<\/p>\n<p>En cuanto al contenido de ese nuevo Estatuto de los Trabajadores, Casares ha explicado que tendr\u00e1 tres propuestas centrales, que ser\u00e1n subir los salarios, una revisi\u00f3n de la negociaci\u00f3n colectiva para restaurar el \u201cequilibrio de poder entre empresarios y trabajadores\u201d y una mejora de las pol\u00edticas activas de empleo.<\/p>\n<p>Por otro lado, Casares ha destacado que con este nuevo estatuto se quiere incentivar la actividad econ\u00f3mica y la creaci\u00f3n de empleo digno, de calidad y estable, de forma que la contrataci\u00f3n indefinida sea la forma ordinaria de acceso al empleo.<\/p>\n<p>\u201cEstamos pensando en los m\u00e1s 250 mil trabajadores que hay en Cantabria y especialmente en esos 34 mil hombres y mujeres de Cantabria, que quieren trabajar y no pueden\u201d ha destacado, exponiendo estos dos compromisos sociales del PSOE.<\/p>\n<p>Para el candidato socialista es fundamental que los salarios de los trabajadores de este pa\u00eds sean dignos para que la gente pueda vivir mejor, pero tambi\u00e9n para mejorar las cotizaciones a la Seguridad Social y garantizar unas pensiones m\u00e1s dignas para las pr\u00f3ximas generaciones.<\/p>\n<p>En este sentido, Casares destaca que muchos j\u00f3venes c\u00e1ntabros no pueden hoy emanciparse porque no tienen sueldos que les permitan vivir y trabajar.<\/p>\n<p>As\u00ed, el 14% de los j\u00f3venes c\u00e1ntabros, de entre 16 y 30 a\u00f1os logra emanciparse, siendo la comunidad aut\u00f3noma donde menos probabilidades tienen nuestros j\u00f3venes de forjarse un futuro de forma independiente, muy por debajo de la media nacional que est\u00e1 en el 19%.<\/p>\n<p><strong>\u00a0<\/strong><strong>Declaraciones Mariano Carmona<\/strong><\/p>\n<p><strong>\u00a0<\/strong>El secretario general de la Uni\u00f3n de Trabajadores de Cantabria (UGT), Mariano Carmona, se ha mostrado satisfecho del encuentro con Casares y de que el PSOE recoja muchas de las reivindicaciones del sindicato. \u201cYa es hora de que los partidos pol\u00edticos empiecen a darse cuente de que el di\u00e1logo social es importante y que hay que escuchar a los trabajadores y trabajadoras de este pa\u00eds\u201d.<\/p>\n<p>En este sentido, Carmona ha asegurado que ser\u00e1n \u201cinflexibles\u201d con sus reivindicaciones ante cualquier partido que pueda montar gobierno en Espa\u00f1a. Adem\u00e1s, ha mantenido que estar\u00e1n atentos y expectantes \u201csi no se recuperan los derechos y las libertades. Si la gente en este pa\u00eds no puede protestar cuando las cosas no le gusten sin miedo a ir a la c\u00e1rcel, algo que recuerda a otras \u00e9pocas\u201d. <\/p>\n","protected":false},"excerpt":{"rendered":"<p>El candidato al Congreso de los Diputados, Pedro Casares, ha garantizado la subida del salario m\u00ednimo interprofesional hasta los 1.200 euros al final de la legislatura, \u201cdespu\u00e9s de haber hecho ya el mayor esfuerzo de la historia con la subida ya aprobada por el Gobierno de Pedro S\u00e1nchez hasta los 900 euros\u201d. Casares ha expuesto [&hellip;]<\/p>\n","protected":false},"author":1,"featured_media":4424,"comment_status":"open","ping_status":"closed","sticky":false,"template":"","format":"standard","meta":{"tdm_status":"","tdm_grid_status":"","footnotes":""},"categories":[25],"tags":[181,204,205,278,279,280],"class_list":["post-4423","post","type-post","status-publish","format-standard","has-post-thumbnail","hentry","category-actualidad","tag-pedro-casares","tag-elecciones","tag-10n","tag-ugt","tag-salario-minimo","tag-smi"],"_links":{"self":[{"href":"https:\/\/www.psc-psoe.es\/index.php\/wp-json\/wp\/v2\/posts\/4423","targetHints":{"allow":["GET"]}}],"collection":[{"href":"https:\/\/www.psc-psoe.es\/index.php\/wp-json\/wp\/v2\/posts"}],"about":[{"href":"https:\/\/www.psc-psoe.es\/index.php\/wp-json\/wp\/v2\/types\/post"}],"author":[{"embeddable":true,"href":"https:\/\/www.psc-psoe.es\/index.php\/wp-json\/wp\/v2\/users\/1"}],"replies":[{"embeddable":true,"href":"https:\/\/www.psc-psoe.es\/index.php\/wp-json\/wp\/v2\/comments?post=4423"}],"version-history":[{"count":0,"href":"https:\/\/www.psc-psoe.es\/index.php\/wp-json\/wp\/v2\/posts\/4423\/revisions"}],"wp:featuredmedia":[{"embeddable":true,"href":"https:\/\/www.psc-psoe.es\/index.php\/wp-json\/wp\/v2\/media\/4424"}],"wp:attachment":[{"href":"https:\/\/www.psc-psoe.es\/index.php\/wp-json\/wp\/v2\/media?parent=4423"}],"wp:term":[{"taxonomy":"category","embeddable":true,"href":"https:\/\/www.psc-psoe.es\/index.php\/wp-json\/wp\/v2\/categories?post=4423"},{"taxonomy":"post_tag","embeddable":true,"href":"https:\/\/www.psc-psoe.es\/index.php\/wp-json\/wp\/v2\/tags?post=4423"}],"curies":[{"name":"wp","href":"https:\/\/api.w.org\/{rel}","templated":true}]}}