{"id":4383,"date":"2019-10-29T23:37:17","date_gmt":"2019-10-29T21:37:17","guid":{"rendered":"https:\/\/www.psc-psoe.es\/?p=4383"},"modified":"2019-11-01T18:03:31","modified_gmt":"2019-11-01T16:03:31","slug":"el-psoe-desenmascara-las-mentiras-del-partido-popular-sobre-los-proyectos-de-fomento-en-cantabria-2","status":"publish","type":"post","link":"https:\/\/www.psc-psoe.es\/index.php\/2019\/10\/29\/el-psoe-desenmascara-las-mentiras-del-partido-popular-sobre-los-proyectos-de-fomento-en-cantabria-2\/","title":{"rendered":"Pedro S\u00e1nchez afirma que el PSOE es el \u00fanico partido capaz de romper el \u201cmuro del bloqueo\u201d porque \u201ctiene proyecto, equipo y representaci\u00f3n en todo el territorio\u201d"},"content":{"rendered":"<p style=\"font-weight: 400;\">El secretario general del PSOE, Pedro S\u00e1nchez ha asegurado que \u201cel Partido Socialista es el \u00fanico capaz de romper el muro del bloqueo y hacer frente a los desaf\u00edos y las amenazas a las que se enfrenta Espa\u00f1a\u201d, porque ha dicho, es \u201cla \u00fanica organizaci\u00f3n con un buen proyecto pol\u00edtico, con un buen equipo para poder llevarlo a cabo y con una presencia territorial que no tiene ninguna otra formaci\u00f3n para vertebrar nuestro pa\u00eds\u201d.<\/p>\n<p style=\"font-weight: 400;\">\u201cQuien quiera continuar con el bloqueo, a izquierda y a derecha tiene un mar de siglas donde elegir, pero quien quiera progreso y avance, s\u00f3lo tiene una opci\u00f3n, que es la del PSOE\u201d.<\/p>\n<p style=\"font-weight: 400;\">As\u00ed se ha expresado el presidente del Gobierno en funciones en un acto mitin celebrado hoy en Santander junto a los cabezas de lista al Congreso y al Senado, Pedro Casares e Isabel Fern\u00e1ndez, el secretario general de los socialistas c\u00e1ntabros, Pablo Zuloaga y el resto de candidatos a las Cortes Generales.<\/p>\n<p style=\"font-weight: 400;\">El presidente ha destacado \u201cla importancia de tener un gobierno fuerte, progresista, estable y coherente\u201d\u00a0 a partir del 10 de noviembre\u201d para hacer frente a todos los desaf\u00edos que tiene Espa\u00f1a.<\/p>\n<p style=\"font-weight: 400;\">\u201cLos independentistas, junto a\u00a0 la derecha\u00a0 y sus tres siglas quieren un gobierno d\u00e9bil que pueda ser bueno para ellos desde el punto de vista electoral; pero que no es bueno para Espa\u00f1a\u201d. \u201cEl resto de formaciones s\u00f3lo tiene proyecto para las pr\u00f3ximas dos semanas: el de debilitar al Partido Socialista\u201d.<\/p>\n<p style=\"font-weight: 400;\">De hecho, S\u00e1nchez ha advertido el mismo d\u00eda en el que el CIS ha publicado su macrosondeo preelectoral asignando al PSOE una horquilla de entre 133 y 150 esca\u00f1os, de que &#8220;las encuestas no ganan elecciones&#8221; y de que a d\u00eda de hoy, su partido tiene los mismos esca\u00f1os que el resto, esto es, cero.<\/p>\n<p style=\"font-weight: 400;\">En este sentido, ha resaltado la importancia de participar en estas elecciones y ha animado a los m\u00e1s de dos millones de indecisos a que apuesten por el voto progresista, \u201cno s\u00f3lo para decidir qui\u00e9n gana, sino para tener un horizonte de estabilidad en Espa\u00f1a\u201d. Para conseguir un pa\u00eds que fortalezca la educaci\u00f3n y la sanidad p\u00fablica, tambi\u00e9n en las zonas rurales, donde<\/p>\n<p style=\"font-weight: 400;\">S\u00e1nchez se ha comprometido que un Gobierno presidido por \u00e9l \u00a0cumplir\u00e1 con Cantabria como ha hecho hasta ahora. En este sentido ha anunciado que este jueves se aprobar\u00e1 un Real Decreto para ayudar a los damnificados por las pasadas inundaciones y licitando en materia de infraestructuras muchos m\u00e1s millones de euros que anteriores gobiernos.<\/p>\n<p style=\"font-weight: 400;\">Respecto a la crisis en Catalu\u00f1a, S\u00e1nchez se ha preguntado qu\u00e9 suceder\u00eda \u201csi las tres derechas del PP, Ciudadanos y VOX, acaban al frente del Gobierno\u201d, cuando en los siete a\u00f1os de Rajoy al frente del Ejecutivo \u201cse triplic\u00f3 el n\u00famero de independentistas\u201d.<\/p>\n<p style=\"font-weight: 400;\">Por su parte, el cabeza de lista al Congreso, Pedro Casares, ha recordado que tras el 28 de abril el PSOE hizo \u201ctodo los posible\u201d con el resto de formaciones para conformar gobierno, \u201cpero nada les val\u00eda\u201d. \u201c\u00bfY qu\u00e9 hicieron los dem\u00e1s mientras nosotros escuchamos a la sociedad y hac\u00edamos propuestas de Gobierno? Bloquear, bloquear y bloquear\u201d, ha aseverado.<\/p>\n<p style=\"font-weight: 400;\">Las elecciones se repiten \u201cporque lo \u00fanico que saben hacer las derechas y Podemos es bloquear. Ellos han bloqueado el futuro de Espa\u00f1a\u201d , ha recalcado.<\/p>\n<p style=\"font-weight: 400;\">Casares ha puntualizado que los votos a Podemos \u201csirven para bloquear que haya gobiernos progresistas en Espa\u00f1a\u201d mientras \u201ctenemos que escucharles decir que el voto \u00fatil es a ellos porque sino el PSOE va a pactar con el PP\u201d. \u201c\u00bfPero alguien se cree esto?\u201d, se ha preguntado, \u201csi somos los \u00fanicos que nos abrimos en canal y tuvo que dimitir Pedro para que no nos abstuvi\u00e9ramos y gobernara la derecha\u201d, ha recalcado. \u201cEse mismo partido que cuatro veces ha negado un Gobierno progresista\u201d.<\/p>\n<p style=\"font-weight: 400;\">De este modo, se ha mostrado convencido de la victoria progresista el 10 de noviembre porque los ciudadanos \u201cya saben\u201d qui\u00e9n se ha preocupado de verdad por Cantabria, \u201cporque querer esta tierra es comprometerse con ella y con sus necesidades, como ha hecho el Gobierno de Pedro S\u00e1nchez en estos 15 meses de Gobierno\u201d.<\/p>\n<p style=\"font-weight: 400;\">Respecto a las \u2018tres derechas\u2019, el candidato al Congreso de los Diputados ha considerado que, aunque al principio unos se dec\u00edan de centro como el PP; otros liberales como Ciudadanos, y otros de derechas como VOX, finalmente \u201chan demostrado que todos son lo mismo, camuflados bajo las siglas de la extrema derecha que all\u00e1 donde ha podido se han aliado y juntado que convive, mientras en Europa se les aparta\u201d.<\/p>\n<p style=\"font-weight: 400;\">\u201cMientras ellos gritan \u2018viva Espa\u00f1a\u2019, el PSOE defiende la Sanidad las Pensiones, la Educaci\u00f3n y la Sanidad p\u00fablica y de calidad, el salario m\u00ednimo de 1.200 euros, la ley de dependencia justa o una Ley de Eutanasia que regule una muerte digna. Pero adem\u00e1s una sociedad igualitaria, ha destacado el cabeza de lista al Congreso.<\/p>\n<p style=\"font-weight: 400;\">\u201cGobernar un pa\u00eds no es s\u00f3lo ir con un meg\u00e1fono pidiendo un tren\u201d, ha ironizado Casares en referencia al PRC. En este sentido, ha sostenido que el PSOE \u201cdefiende Cantabria sin que nadie se lo tenga que recordar y que no necesita de intermediarios\u201d. \u201cGobernar Espa\u00f1a es regular derechos como el aborto, la eutanasia o el matrimonio homosexual; es garantizar las pensiones y acabar con la reforma laboral; garantizar la Sanidad, la Educaci\u00f3n o la Dependencia para que no vuelvan a estar en peligro. Gobernar Espa\u00f1a es combatir el cambio clim\u00e1tico, defender en Bruselas los derechos de nuestros pueblos, de nuestros ganaderos o agricultores. Gobernar Espa\u00f1a para que a los c\u00e1ntabros y a las c\u00e1ntabras les vaya mejor. \u00bfQu\u00e9 piensan de esto? O es que creen que Espa\u00f1a acaba en el t\u00fanel de la Enga\u00f1a?\u201d, ha dicho.<\/p>\n<p style=\"font-weight: 400;\">Por su parte, Pablo Zuloaga, secretario general de los socialistas c\u00e1ntabros, ha recordado que el PSOE de Pedro S\u00e1nchez \u201cha puesto a Cantabria \u00a0en la agenda del Gobierno de Espa\u00f1a \u201ccon hechos concretos y no con palabrer\u00eda\u201d. Ha incidido en que con Gobiernos conservadores \u201cnunca\u201d ha llegado dinero a esta regi\u00f3n, \u201caunque aparecieran partidas millonarias en los presupuestos\u201d. Adem\u00e1s, ha se\u00f1alado que el voto progresista \u201ces m\u00e1s importante que nunca\u201d para llevar las mejores pol\u00edticas que defiendan el futuro de Cantabria y el de Espa\u00f1a.<\/p>\n<p style=\"font-weight: 400;\">Finalmente, Zuloaga ha afirmado que las derechas no tienen proyecto pol\u00edtico que exponer pero s\u00ed compiten entre ellas para ver quien tiene la bandera m\u00e1s grande en sus m\u00edtines.<\/p>\n","protected":false},"excerpt":{"rendered":"<p>El secretario general del PSOE, Pedro S\u00e1nchez ha asegurado que \u201cel Partido Socialista es el \u00fanico capaz de romper el muro del bloqueo y hacer frente a los desaf\u00edos y las amenazas a las que se enfrenta Espa\u00f1a\u201d, porque ha dicho, es \u201cla \u00fanica organizaci\u00f3n con un buen proyecto pol\u00edtico, con un buen equipo para [&hellip;]<\/p>\n","protected":false},"author":1,"featured_media":4384,"comment_status":"open","ping_status":"closed","sticky":false,"template":"","format":"standard","meta":{"tdm_status":"","tdm_grid_status":"","footnotes":""},"categories":[14,21,24,25],"tags":[162,205,233,277],"class_list":["post-4383","post","type-post","status-publish","format-standard","has-post-thumbnail","hentry","category-notas-de-prensa","category-torrelavega","category-partido","category-actualidad","tag-pedro-sanchez","tag-10n","tag-mitin","tag-elecciones-palacio-de-festivales"],"_links":{"self":[{"href":"https:\/\/www.psc-psoe.es\/index.php\/wp-json\/wp\/v2\/posts\/4383","targetHints":{"allow":["GET"]}}],"collection":[{"href":"https:\/\/www.psc-psoe.es\/index.php\/wp-json\/wp\/v2\/posts"}],"about":[{"href":"https:\/\/www.psc-psoe.es\/index.php\/wp-json\/wp\/v2\/types\/post"}],"author":[{"embeddable":true,"href":"https:\/\/www.psc-psoe.es\/index.php\/wp-json\/wp\/v2\/users\/1"}],"replies":[{"embeddable":true,"href":"https:\/\/www.psc-psoe.es\/index.php\/wp-json\/wp\/v2\/comments?post=4383"}],"version-history":[{"count":0,"href":"https:\/\/www.psc-psoe.es\/index.php\/wp-json\/wp\/v2\/posts\/4383\/revisions"}],"wp:featuredmedia":[{"embeddable":true,"href":"https:\/\/www.psc-psoe.es\/index.php\/wp-json\/wp\/v2\/media\/4384"}],"wp:attachment":[{"href":"https:\/\/www.psc-psoe.es\/index.php\/wp-json\/wp\/v2\/media?parent=4383"}],"wp:term":[{"taxonomy":"category","embeddable":true,"href":"https:\/\/www.psc-psoe.es\/index.php\/wp-json\/wp\/v2\/categories?post=4383"},{"taxonomy":"post_tag","embeddable":true,"href":"https:\/\/www.psc-psoe.es\/index.php\/wp-json\/wp\/v2\/tags?post=4383"}],"curies":[{"name":"wp","href":"https:\/\/api.w.org\/{rel}","templated":true}]}}