{"id":4371,"date":"2019-10-26T15:13:22","date_gmt":"2019-10-26T13:13:22","guid":{"rendered":"https:\/\/www.psc-psoe.es\/?p=4371"},"modified":"2019-10-26T15:13:22","modified_gmt":"2019-10-26T13:13:22","slug":"el-psoe-se-compromete-a-proteger-e-impulsar-en-el-congreso-el-litoral-norte-y-costa-quebrada","status":"publish","type":"post","link":"https:\/\/www.psc-psoe.es\/index.php\/2019\/10\/26\/el-psoe-se-compromete-a-proteger-e-impulsar-en-el-congreso-el-litoral-norte-y-costa-quebrada\/","title":{"rendered":"El PSOE se compromete a proteger e impulsar en el Congreso el Litoral Norte y Costa Quebrada"},"content":{"rendered":"<p style=\"font-weight: 400;\">El candidato al Congreso de los Diputados, Pedro Casares, se compromete a proteger e impulsar en las Cortes Generales el litoral norte de Santander y Costa Quebrada.<\/p>\n<p style=\"font-weight: 400;\">Casares anuncia que, a partir del 10 de noviembre, promover\u00e1 una bater\u00eda de propuestas para defender la conservaci\u00f3n, el mantenimiento y la protecci\u00f3n de la Senda Costera, entre el Faro de Cabo Mayor y la Virgen del Mar.<\/p>\n<p style=\"font-weight: 400;\">\u201cEl estado en el que se encuentra la Senda Costera por falta de mantenimiento y conservaci\u00f3n por parte del Ayuntamiento es una verg\u00fcenza, que tendremos que solucionar poniendo al resto de administraciones a exigir que se proteja un entorno natural \u00fanico\u201d.<\/p>\n<p style=\"font-weight: 400;\">Por ello, Casares ha asegurado que a partir del 10 de noviembre \u201cpondr\u00e1 todo su empe\u00f1o personal\u201d en proteger este espacio natural de la ciudad, \u201cque deber\u00eda ser motivo de orgullo protegerlo y divulgar su riqueza porque no hay una sola capital de comunidad aut\u00f3noma que tenga un parque natural de estas caracter\u00edsticas\u201d.<\/p>\n<p style=\"font-weight: 400;\">Para el responsable de Infraestructuras y Transporte de la Comisi\u00f3n Ejecutiva Federal,\u00a0hay que impulsar un acuerdo para movilizar la inversi\u00f3n p\u00fablica y privada necesaria para abordar la transici\u00f3n ecol\u00f3gica y el desarrollo sostenible de nuestro pa\u00eds con una estrategia\u00a0\u201cque abarque a todos los sectores\u201d para afrontar con pol\u00edticas del presente un desaf\u00edo de futuro.<\/p>\n<p style=\"font-weight: 400;\"><strong>Geoparque de la UNESCO<\/strong><\/p>\n<p style=\"font-weight: 400;\">Por otra parte, el candidato socialista anuncia que se presentar\u00e1 una Proposici\u00f3n No de Ley en el Congreso de los Diputados para apoyar la candidatura de Costa Quebrada como geoparque mundial de la UNESCO.<\/p>\n<p style=\"font-weight: 400;\">\u201cVamos a realizar todas las acciones oportunas, en colaboraci\u00f3n con el Gobierno de Cantabria y los ayuntamientos de Santander, Santa Cruz de Bezana y Pi\u00e9lagos, para dar un impulso eficaz y definitivo para lograr este objetivo\u201d ha expresado Casares.<\/p>\n<p style=\"font-weight: 400;\">En este sentido, el cabeza de lista al Congreso ha asegurado que la calificaci\u00f3n como geoparque de la UNESCO convertir\u00eda al litoral norte de la capital y a Costa Quebrada en \u201cun \u00e1rea geogr\u00e1fica \u00fanica\u201d, apostando por su protecci\u00f3n y desarrollo sostenible.<\/p>\n<p style=\"font-weight: 400;\">Adem\u00e1s, Casares ha destacado que este espacio natural \u201ces un paraje excepcional a preservar y proteger\u201d con acciones concretas que comprometan tambi\u00e9n el apoyo del Gobierno de Espa\u00f1a \u201cal entorno natural privilegiado que tiene Cantabria\u201d.<\/p>\n<p style=\"font-weight: 400;\">Por \u00faltimo, Pedro Casares ha defendido que la protecci\u00f3n del medio ambiente y el desarrollo sostenible deben de ser dos ejes fundamentales para afrontar los retos del futuro de Cantabria \u201cy para ello es imprescindible contar en Madrid con una amplia representaci\u00f3n socialista que es el \u00fanico partido que abandera la transici\u00f3n ecol\u00f3gica\u201d ha concluido.<\/p>\n","protected":false},"excerpt":{"rendered":"<p>El candidato al Congreso de los Diputados, Pedro Casares, se compromete a proteger e impulsar en las Cortes Generales el litoral norte de Santander y Costa Quebrada. Casares anuncia que, a partir del 10 de noviembre, promover\u00e1 una bater\u00eda de propuestas para defender la conservaci\u00f3n, el mantenimiento y la protecci\u00f3n de la Senda Costera, entre [&hellip;]<\/p>\n","protected":false},"author":1,"featured_media":4372,"comment_status":"open","ping_status":"closed","sticky":false,"template":"","format":"standard","meta":{"tdm_status":"","tdm_grid_status":"","footnotes":""},"categories":[14,25],"tags":[170,196,204,205,267,268],"class_list":["post-4371","post","type-post","status-publish","format-standard","has-post-thumbnail","hentry","category-notas-de-prensa","category-actualidad","tag-casares","tag-congreso","tag-elecciones","tag-10n","tag-costa-quebrada","tag-litoral-norte"],"_links":{"self":[{"href":"https:\/\/www.psc-psoe.es\/index.php\/wp-json\/wp\/v2\/posts\/4371","targetHints":{"allow":["GET"]}}],"collection":[{"href":"https:\/\/www.psc-psoe.es\/index.php\/wp-json\/wp\/v2\/posts"}],"about":[{"href":"https:\/\/www.psc-psoe.es\/index.php\/wp-json\/wp\/v2\/types\/post"}],"author":[{"embeddable":true,"href":"https:\/\/www.psc-psoe.es\/index.php\/wp-json\/wp\/v2\/users\/1"}],"replies":[{"embeddable":true,"href":"https:\/\/www.psc-psoe.es\/index.php\/wp-json\/wp\/v2\/comments?post=4371"}],"version-history":[{"count":0,"href":"https:\/\/www.psc-psoe.es\/index.php\/wp-json\/wp\/v2\/posts\/4371\/revisions"}],"wp:featuredmedia":[{"embeddable":true,"href":"https:\/\/www.psc-psoe.es\/index.php\/wp-json\/wp\/v2\/media\/4372"}],"wp:attachment":[{"href":"https:\/\/www.psc-psoe.es\/index.php\/wp-json\/wp\/v2\/media?parent=4371"}],"wp:term":[{"taxonomy":"category","embeddable":true,"href":"https:\/\/www.psc-psoe.es\/index.php\/wp-json\/wp\/v2\/categories?post=4371"},{"taxonomy":"post_tag","embeddable":true,"href":"https:\/\/www.psc-psoe.es\/index.php\/wp-json\/wp\/v2\/tags?post=4371"}],"curies":[{"name":"wp","href":"https:\/\/api.w.org\/{rel}","templated":true}]}}