{"id":4360,"date":"2019-10-24T20:07:07","date_gmt":"2019-10-24T18:07:07","guid":{"rendered":"https:\/\/www.psc-psoe.es\/?p=4360"},"modified":"2019-10-24T20:07:59","modified_gmt":"2019-10-24T18:07:59","slug":"el-psoe-homenajea-a-las-victimas-de-la-dictadura-el-dia-de-la-exhumacion-de-los-restos-de-franco","status":"publish","type":"post","link":"https:\/\/www.psc-psoe.es\/index.php\/2019\/10\/24\/el-psoe-homenajea-a-las-victimas-de-la-dictadura-el-dia-de-la-exhumacion-de-los-restos-de-franco\/","title":{"rendered":"El PSOE homenajea a las v\u00edctimas de la dictadura el d\u00eda de la exhumaci\u00f3n de los restos de Franco"},"content":{"rendered":"<p>El PSOE de Cantabria ha realizado hoy un \u201csencillo\u201d y \u201cemotivo\u201d homenaje a las v\u00edctimas de la represi\u00f3n y la Dictadura franquista en la Biblioteca Central de Santander. El acto ha tenido lugar el mismo d\u00eda en el que los restos del dictador Francisco Franco han sido exhumados del Valle de los Ca\u00eddos, poniendo fin al \u00faltimo \u201cs\u00edmbolo\u201d de la Dictadura.<\/p>\n<p>Los socialistas c\u00e1ntabros han depositado un ramo de rosas rosas junto a la placa conmemorativa que recuerda que el edificio, antiguo almac\u00e9n de Tabacalera, fue un lugar emblem\u00e1tico del horror, de la represi\u00f3n y del crimen contra los republicanos y sus organizaciones durante la Guerra Civil.<\/p>\n<p>De hecho, este edificio estuvo destinado al confinamiento de los 50.000 hombres y\u00a0 mujeres que fueron hechos prisioneros por las tropas de Franco en Cantabria y utilizado como una especie de centro de distribuci\u00f3n de los reprimidos hacia c\u00e1rceles, campos de concentraci\u00f3n o hacia \u2018el pared\u00f3n\u2019 del Cementerio de Ciriego. Adem\u00e1s, muchos de los all\u00ed confinados murieron por enfermedades.<\/p>\n<p>Posteriormente se ha guardado un minuto de silencio en recuerdo a todas las v\u00edctimas en el hall de entrada principal del edificio y se han lanzado 44 globos blancos biodegradables \u201cpor la dignidad de la democracia, la memoria colectiva, la justicia y la reparaci\u00f3n de las v\u00edctimas\u201d.<\/p>\n<p>Ochenta a\u00f1os despu\u00e9s del final de la Guerra Civil y\u00a0 44 a\u00f1os despu\u00e9s de que la muerte del dictador, el secretario general del PSOE de Cantabria, Pablo Zuloaga, y los candidatos al Congreso y el Senado, Pedro Casares e Isabel Fern\u00e1ndez, han participado acompa\u00f1ados de organizaciones y grupos de Memoria Hist\u00f3rica, en este acto.<\/p>\n<p>Al acto, han acudido tambi\u00e9n la secretaria de Organizaci\u00f3n, Noelia Cobo y el secretario de Memoria Hist\u00f3rica, Mario Iglesias. El secretario general de los socialistas c\u00e1ntabros, Pablo Zuloaga, ha felicitado al PSOE por hacer posible que \u201choy nuestra democracia sea de m\u00e1s calidad\u201d al \u201cver salir a un dictador de un \u2018mausoleo\u2019 p\u00fablico\u201d tras m\u00e1s de cuatro d\u00e9cadas desde que su fallecimiento.<\/p>\n<p>Zuloaga ha admitido que a la Ley de Memoria Hist\u00f3rica \u201cle quedan a\u00fan muchos pasos por dar\u201d, pero que \u201choy, Espa\u00f1a es un poco m\u00e1s digna y recupera as\u00ed la memoria de tantas v\u00edctimas del franquismo porque todo el mundo tiene que entender que no pod\u00edan compartir lugar el dictador y las v\u00edctimas que caus\u00f3 su dictadura\u201d.<\/p>\n<p>Por su parte, el candidato al Congreso, Pedro Casares, ha asegurado que \u201choy estamos haciendo historia en un d\u00eda que permanecer\u00e1 para siempre en el recuerdo colectivo y en la memoria de tantas personas que sufrieron la dictadura y la represi\u00f3n\u201d.<\/p>\n<p>\u201cUn d\u00eda para sacar orgullo de pa\u00eds, orgullo de nuestra democracia. Hoy Espa\u00f1a es un pa\u00eds mejor y una democracia m\u00e1s avanzada\u201d, ha destacado el cabeza de lista al Congreso de los Diputados.<\/p>\n<p>Casases ha a\u00f1adido que \u201choy acabamos con la anomal\u00eda democr\u00e1tica\u201d porque \u201c\u00e9ramos el \u00fanico pa\u00eds de la Uni\u00f3n Europea que ten\u00eda a un dictador en un \u2018mausoleo\u2019\u201d. \u201cPara la concordia de todos los espa\u00f1oles, no pod\u00eda permanecer un minuto m\u00e1s\u201d.<\/p>\n<p>En este sentido ha recordado que \u00a0\u201cha tenido que\u00a0 ser una vez m\u00e1s un presidente socialista, como Pedro S\u00e1nchez, quien lleve a cabo este\u00a0 mandato de Parlamento, avalado por el Tribunal Supremo y por tant\u00edsimas personas que durante tantos a\u00f1os han luchado por un d\u00eda como \u00e9ste\u201d.<\/p>\n<p>As\u00ed lo ha expresado Casares, quien se ha mostrado convencido de que \u201cmuchas de las v\u00edctimas que se quedaron por el camino estar\u00edan orgullosas del paso que ha dado\u00a0 la democracia\u201d tras la exhumaci\u00f3n de los restos del dictador Francisco Franco, \u201cpor memoria, por justicia, por reparaci\u00f3n de las v\u00edctimas y por dignidad de la democracia\u201d. \u201cHoy se recupera la dignidad de la democracia y se recompone nuestra memoria colectiva como pa\u00eds\u201d, ha aseverado.<\/p>\n<p>Finalmente, el cabeza de lista al Congreso de los Diputados ha recordado que adem\u00e1s de ser \u201cuno de los d\u00edas m\u00e1s importantes y felices para mucha gente\u201d, probablemente, \u201csea el acto de reconciliaci\u00f3n m\u00e1s importante de cuantos se hayan dado en los \u00faltimos a\u00f1os\u201d. <\/p>\n","protected":false},"excerpt":{"rendered":"<p>El PSOE de Cantabria ha realizado hoy un \u201csencillo\u201d y \u201cemotivo\u201d homenaje a las v\u00edctimas de la represi\u00f3n y la Dictadura franquista en la Biblioteca Central de Santander. El acto ha tenido lugar el mismo d\u00eda en el que los restos del dictador Francisco Franco han sido exhumados del Valle de los Ca\u00eddos, poniendo fin [&hellip;]<\/p>\n","protected":false},"author":1,"featured_media":4361,"comment_status":"open","ping_status":"closed","sticky":false,"template":"","format":"standard","meta":{"tdm_status":"","tdm_grid_status":"","footnotes":""},"categories":[25],"tags":[258,259,260,261,262],"class_list":["post-4360","post","type-post","status-publish","format-standard","has-post-thumbnail","hentry","category-actualidad","tag-franquismo","tag-dictadura","tag-homenaje","tag-franco","tag-exhumacion"],"_links":{"self":[{"href":"https:\/\/www.psc-psoe.es\/index.php\/wp-json\/wp\/v2\/posts\/4360","targetHints":{"allow":["GET"]}}],"collection":[{"href":"https:\/\/www.psc-psoe.es\/index.php\/wp-json\/wp\/v2\/posts"}],"about":[{"href":"https:\/\/www.psc-psoe.es\/index.php\/wp-json\/wp\/v2\/types\/post"}],"author":[{"embeddable":true,"href":"https:\/\/www.psc-psoe.es\/index.php\/wp-json\/wp\/v2\/users\/1"}],"replies":[{"embeddable":true,"href":"https:\/\/www.psc-psoe.es\/index.php\/wp-json\/wp\/v2\/comments?post=4360"}],"version-history":[{"count":0,"href":"https:\/\/www.psc-psoe.es\/index.php\/wp-json\/wp\/v2\/posts\/4360\/revisions"}],"wp:featuredmedia":[{"embeddable":true,"href":"https:\/\/www.psc-psoe.es\/index.php\/wp-json\/wp\/v2\/media\/4361"}],"wp:attachment":[{"href":"https:\/\/www.psc-psoe.es\/index.php\/wp-json\/wp\/v2\/media?parent=4360"}],"wp:term":[{"taxonomy":"category","embeddable":true,"href":"https:\/\/www.psc-psoe.es\/index.php\/wp-json\/wp\/v2\/categories?post=4360"},{"taxonomy":"post_tag","embeddable":true,"href":"https:\/\/www.psc-psoe.es\/index.php\/wp-json\/wp\/v2\/tags?post=4360"}],"curies":[{"name":"wp","href":"https:\/\/api.w.org\/{rel}","templated":true}]}}