{"id":4352,"date":"2019-10-23T18:36:32","date_gmt":"2019-10-23T16:36:32","guid":{"rendered":"https:\/\/www.psc-psoe.es\/?p=4352"},"modified":"2019-10-24T17:12:08","modified_gmt":"2019-10-24T15:12:08","slug":"el-psoe-quiere-que-cantabria-se-consolide-como-actor-clave-de-la-logistica-y-el-transporte-en-el-norte-de-espana","status":"publish","type":"post","link":"https:\/\/www.psc-psoe.es\/index.php\/2019\/10\/23\/el-psoe-quiere-que-cantabria-se-consolide-como-actor-clave-de-la-logistica-y-el-transporte-en-el-norte-de-espana\/","title":{"rendered":"El PSOE quiere que Cantabria se consolide como actor clave de la log\u00edstica y el transporte en el norte de Espa\u00f1a"},"content":{"rendered":"<p>El candidato al Congreso de los Diputados, Pedro Casares, quiere que Cantabria se consolide como actor clave de la log\u00edstica y el transporte en el norte de Espa\u00f1a.<\/p>\n<p>Casares considera que Cantabria, con el Puerto de Santander, el desarrollo del centro log\u00edstico de La Pasiega y la apuesta por el Corredor Atl\u00e1ntico \u201cre\u00fane todas las condiciones por su situaci\u00f3n geogr\u00e1fica, sus capacidades y potencialidades para ser un eje prioritario del sector log\u00edstico y el transporte de pasajeros y mercanc\u00edas con el resto de Europa\u201d.<\/p>\n<p>\u201cCantabria est\u00e1 en el centro de la Cornisa Cant\u00e1brica, en una posici\u00f3n estrat\u00e9gica para concentrar a empresas log\u00edsticas y de transporte, as\u00ed como a industrias de componentes asociadas al sector, con infraestructuras importantes y en permanente evoluci\u00f3n como el puerto o el aeropuerto\u201d ha afirmado el candidato del PSOE.<\/p>\n<p>Durante la visita a la empresa Cisternas Cobo, que fue seleccionada por la Bolsa de Londres como una de las empresas que m\u00e1s crecen en Europa, seg\u00fan el informe \u201c1.000 Companies to Inspire Europe 2017\u201d, el candidato del PSOE ha asegurado que \u201cla forma de encarar los retos\u201d en los pr\u00f3ximos a\u00f1os va a ser \u201cfundamental\u201d para dar respuesta a las necesidades de crecimiento y generaci\u00f3n de empleo en regiones como Cantabria.<\/p>\n<p>De esta forma, el cabeza de lista al Congreso, acompa\u00f1ado por la n\u00famero dos, Mar\u00eda Jes\u00fas Calva, la secretaria de Organizaci\u00f3n, Noelia Cobo y concejales de Astillero, ha considerado que \u201cCantabria tiene muchas potencialidades, y creemos que en el sector de la log\u00edstica tenemos un tejido industrial potente que debemos apoyar e impulsar tambi\u00e9n\u201d, porque \u201cel crecimiento futuro en la importaci\u00f3n y exportaci\u00f3n en los mercados nacional e internacional est\u00e1 ligado a la innovaci\u00f3n para hacer productos de vanguardia\u201d.<\/p>\n<p>De hecho, para Casares, la apuesta por las infraestructuras debe ser \u201cdeterminante\u201d, porque de ello depende \u201cen buena medida\u201d la capacidad de la regi\u00f3n de incorporarse a nuevas fuentes de crecimiento econ\u00f3mico y desarrollo industrial.<\/p>\n<p>El cabeza de lista socialista al Congreso de los Diputados defiende la integraci\u00f3n en el Corredor Atl\u00e1ntico para atraer a empresas internacionales, aumentar las exportaciones, e impulsar la creaci\u00f3n de puestos de trabajo y de empresas locales.<\/p>\n<p>A su vez, pone en valor el compromiso del Gobierno de Pedro S\u00e1nchez de apoyar al Gobierno regional en el proyecto para desarrollar una base log\u00edstica en la Pasiega que permita la intermodalidad entre el transporte por carretera, el mar\u00edtimo, el ferroviario y el a\u00e9reo.<\/p>\n<p><strong>\u00a0<\/strong>En este sentido, el dirigente socialista defiende las sinergias que se crean de la colaboraci\u00f3n entre instituciones, defendiendo que la mejor forma de afrontar los pr\u00f3ximos a\u00f1os es trabajando \u201cde forma coordinada entre el Gobierno de Espa\u00f1a, el Gobierno de Cantabria y los ayuntamientos\u201d.<\/p>\n<p>Finalmente, Pedro Casares ha valorado la importancia ha valorado la importancia de contar en Cantabria con empresas \u201cpunteras\u201d en materia log\u00edstica y de transporte, que sit\u00faan a la regi\u00f3n en una posici\u00f3n privilegiada para afrontar el futuro.<\/p>\n<p>\u201cDebemos estar orgullosos de nuestro tejido empresarial en materia log\u00edstica, y la mejor forma de estar orgullosos es potenciando y generando recursos e inversiones para que sigan creciendo y creando empleo\u201d ha concluido. <\/p>\n","protected":false},"excerpt":{"rendered":"<p>El candidato al Congreso de los Diputados, Pedro Casares, quiere que Cantabria se consolide como actor clave de la log\u00edstica y el transporte en el norte de Espa\u00f1a. Casares considera que Cantabria, con el Puerto de Santander, el desarrollo del centro log\u00edstico de La Pasiega y la apuesta por el Corredor Atl\u00e1ntico \u201cre\u00fane todas las [&hellip;]<\/p>\n","protected":false},"author":1,"featured_media":4353,"comment_status":"open","ping_status":"closed","sticky":false,"template":"","format":"standard","meta":{"tdm_status":"","tdm_grid_status":"","footnotes":""},"categories":[14,24,25],"tags":[196,204,205,251,256,257,181],"class_list":["post-4352","post","type-post","status-publish","format-standard","has-post-thumbnail","hentry","category-notas-de-prensa","category-partido","category-actualidad","tag-congreso","tag-elecciones","tag-10n","tag-maria-jesus-calva","tag-transporte","tag-logistica","tag-pedro-casares"],"_links":{"self":[{"href":"https:\/\/www.psc-psoe.es\/index.php\/wp-json\/wp\/v2\/posts\/4352","targetHints":{"allow":["GET"]}}],"collection":[{"href":"https:\/\/www.psc-psoe.es\/index.php\/wp-json\/wp\/v2\/posts"}],"about":[{"href":"https:\/\/www.psc-psoe.es\/index.php\/wp-json\/wp\/v2\/types\/post"}],"author":[{"embeddable":true,"href":"https:\/\/www.psc-psoe.es\/index.php\/wp-json\/wp\/v2\/users\/1"}],"replies":[{"embeddable":true,"href":"https:\/\/www.psc-psoe.es\/index.php\/wp-json\/wp\/v2\/comments?post=4352"}],"version-history":[{"count":0,"href":"https:\/\/www.psc-psoe.es\/index.php\/wp-json\/wp\/v2\/posts\/4352\/revisions"}],"wp:featuredmedia":[{"embeddable":true,"href":"https:\/\/www.psc-psoe.es\/index.php\/wp-json\/wp\/v2\/media\/4353"}],"wp:attachment":[{"href":"https:\/\/www.psc-psoe.es\/index.php\/wp-json\/wp\/v2\/media?parent=4352"}],"wp:term":[{"taxonomy":"category","embeddable":true,"href":"https:\/\/www.psc-psoe.es\/index.php\/wp-json\/wp\/v2\/categories?post=4352"},{"taxonomy":"post_tag","embeddable":true,"href":"https:\/\/www.psc-psoe.es\/index.php\/wp-json\/wp\/v2\/tags?post=4352"}],"curies":[{"name":"wp","href":"https:\/\/api.w.org\/{rel}","templated":true}]}}