{"id":4349,"date":"2019-10-23T17:47:43","date_gmt":"2019-10-23T15:47:43","guid":{"rendered":"https:\/\/www.psc-psoe.es\/?p=4349"},"modified":"2019-10-23T17:47:43","modified_gmt":"2019-10-23T15:47:43","slug":"pablo-zuloaga-muestra-todo-el-apoyo-a-la-policia-nacional-como-garantes-de-convivencia-en-todo-el-territorio-espanol","status":"publish","type":"post","link":"https:\/\/www.psc-psoe.es\/index.php\/2019\/10\/23\/pablo-zuloaga-muestra-todo-el-apoyo-a-la-policia-nacional-como-garantes-de-convivencia-en-todo-el-territorio-espanol\/","title":{"rendered":"Pablo Zuloaga muestra \u201ctodo el apoyo\u201d a la Polic\u00eda Nacional como \u201cgarantes de convivencia en todo el territorio espa\u00f1ol\u201d"},"content":{"rendered":"<p style=\"text-align: justify;\">El secretario general del PSC-PSOE, Pablo Zuloaga ha mostrado \u201ctodo el apoyo\u201d a la Polic\u00eda Nacional a los que considera \u201cgarantes del mantenimiento de la convivencia y la seguridad de los ciudadanos y ciudadanas en todo el territorio espa\u00f1ol\u201d.<\/p>\n<p style=\"text-align: justify;\">De esta manera se ha expresado el l\u00edder de los socialistas c\u00e1ntabros tras mantener una reuni\u00f3n este martes con Miguel Roces y Sonia Fuentevilla del Haya, miembros del Sindicato Unificado de Polic\u00eda (SUP) y en la que tambi\u00e9n ha participado la n\u00famero dos al Congreso de los Diputados, Mar\u00eda Jes\u00fas Calva.<\/p>\n<p style=\"text-align: justify;\">En la misma, Zuloaga ha recordado que \u201cen noviembre del 2018 los polic\u00edas y guardias civiles percibieron el primer tramo de equiparaci\u00f3n salarial con las polic\u00edas auton\u00f3micas (mossos y ertzainas) correspondiente al pasado a\u00f1o y en abril del 2019 recibieron el aumento de sueldo correspondiente a la segunda fase acordada con el Ministerio del Interior\u201d con un presupuesto de 250 millones de euros. \u201cEn estos momentos el cumplimiento con los pagos es una realidad\u201d, ha remarcado.<\/p>\n<p style=\"text-align: justify;\">\u201cEl Gobierno socialista liderado por Pedro S\u00e1nchez escucha y atiende las reivindicaciones de la polic\u00eda, cumple con los acuerdos para lograr la equiparaci\u00f3n salarial y trabaja con esfuerzo por avanzar y mejorar en otras demandas como el aumento en las plantillas o la dotaci\u00f3n de material e infraestructuras\u201d, ha reiterado.<\/p>\n<p style=\"text-align: justify;\">En este sentido, ha manifestado que el compromiso del PSOE con la polic\u00eda \u201ces firme y va a m\u00e1s\u201d. Por eso, ha apuntado que en las 370 medidas que el Gobierno de S\u00e1nchez elabor\u00f3 para crear un \u201cgobierno com\u00fan y progresista\u201d se encontraba la \u201cequiparaci\u00f3n salarial de polic\u00edas y guardias civiles\u201d.<\/p>\n<p style=\"text-align: justify;\"><strong>Apoyo a la labor de la polic\u00eda en Catalu\u00f1a<\/strong><\/p>\n<p style=\"text-align: justify;\">Por otro lado, el dirigente socialista ha elogiado los trabajos de seguridad y protecci\u00f3n realizados por efectivos policiales en Catalu\u00f1a y les ha mostrado su \u201cagradecimiento\u201d por \u201cproteger a la ciudadan\u00eda de la actuaci\u00f3n de radicales y violentos y jugarse la vida por defender la libertad y la seguridad\u201d.<\/p>\n<p style=\"text-align: justify;\">Por \u00faltimo, Pablo Zuloaga ha asegurado que \u201chay que condenar la violencia, en un momento en el que es fundamental garantizar la moderaci\u00f3n que representan los Cuerpos y Fuerzas de Seguridad del Estado para asegurar la convivencia en un territorio en el que la polic\u00eda ha sido en todo momento ejemplo de profesionalidad y entrega por el bien de todos los ciudadanos y ciudadanas\u201d.<\/p>\n<p>Por su parte, Miguel Roces tambi\u00e9n ha dado su \u201capoyo\u201d a los compa\u00f1eros y compa\u00f1eras de la polic\u00eda en Catalu\u00f1a y ha solicitado que \u201cse dote de todo el material y de todos los medios humanos para que las tareas de seguridad se ejecuten de manera digna\u201d.<\/p>\n<p style=\"text-align: justify;\">Finalmente, ha pedido que \u201ccontin\u00fae el apoyo\u201d para que, ha a\u00f1adido \u201cse siga trabajando en conseguir la equiparaci\u00f3n salarial, se repita la auditor\u00eda en los t\u00e9rminos que recoge el acuerdo y se d\u00e9 un impulso en la reclasificaci\u00f3n de la escala b\u00e1sica del Grupo B\u201d.<\/p>\n","protected":false},"excerpt":{"rendered":"<p>El secretario general del PSC-PSOE, Pablo Zuloaga ha mostrado \u201ctodo el apoyo\u201d a la Polic\u00eda Nacional a los que considera \u201cgarantes del mantenimiento de la convivencia y la seguridad de los ciudadanos y ciudadanas en todo el territorio espa\u00f1ol\u201d. De esta manera se ha expresado el l\u00edder de los socialistas c\u00e1ntabros tras mantener una reuni\u00f3n [&hellip;]<\/p>\n","protected":false},"author":2,"featured_media":4350,"comment_status":"open","ping_status":"closed","sticky":false,"template":"","format":"standard","meta":{"tdm_status":"","tdm_grid_status":"","footnotes":""},"categories":[1],"tags":[],"class_list":["post-4349","post","type-post","status-publish","format-standard","has-post-thumbnail","hentry","category-uncategorized"],"_links":{"self":[{"href":"https:\/\/www.psc-psoe.es\/index.php\/wp-json\/wp\/v2\/posts\/4349","targetHints":{"allow":["GET"]}}],"collection":[{"href":"https:\/\/www.psc-psoe.es\/index.php\/wp-json\/wp\/v2\/posts"}],"about":[{"href":"https:\/\/www.psc-psoe.es\/index.php\/wp-json\/wp\/v2\/types\/post"}],"author":[{"embeddable":true,"href":"https:\/\/www.psc-psoe.es\/index.php\/wp-json\/wp\/v2\/users\/2"}],"replies":[{"embeddable":true,"href":"https:\/\/www.psc-psoe.es\/index.php\/wp-json\/wp\/v2\/comments?post=4349"}],"version-history":[{"count":0,"href":"https:\/\/www.psc-psoe.es\/index.php\/wp-json\/wp\/v2\/posts\/4349\/revisions"}],"wp:featuredmedia":[{"embeddable":true,"href":"https:\/\/www.psc-psoe.es\/index.php\/wp-json\/wp\/v2\/media\/4350"}],"wp:attachment":[{"href":"https:\/\/www.psc-psoe.es\/index.php\/wp-json\/wp\/v2\/media?parent=4349"}],"wp:term":[{"taxonomy":"category","embeddable":true,"href":"https:\/\/www.psc-psoe.es\/index.php\/wp-json\/wp\/v2\/categories?post=4349"},{"taxonomy":"post_tag","embeddable":true,"href":"https:\/\/www.psc-psoe.es\/index.php\/wp-json\/wp\/v2\/tags?post=4349"}],"curies":[{"name":"wp","href":"https:\/\/api.w.org\/{rel}","templated":true}]}}