{"id":4343,"date":"2019-10-22T22:10:26","date_gmt":"2019-10-22T20:10:26","guid":{"rendered":"https:\/\/www.psc-psoe.es\/?p=4343"},"modified":"2019-10-22T22:10:26","modified_gmt":"2019-10-22T20:10:26","slug":"el-politico-salvadoreno-tomas-minero-se-reune-con-maria-jesus-calva-para-hablar-sobre-la-situacion-de-su-pais","status":"publish","type":"post","link":"https:\/\/www.psc-psoe.es\/index.php\/2019\/10\/22\/el-politico-salvadoreno-tomas-minero-se-reune-con-maria-jesus-calva-para-hablar-sobre-la-situacion-de-su-pais\/","title":{"rendered":"El pol\u00edtico salvadore\u00f1o Tom\u00e1s Minero se re\u00fane con Mar\u00eda Jes\u00fas Calva para hablar sobre la situaci\u00f3n de su pa\u00eds"},"content":{"rendered":"<p>Esta ma\u00f1ana la sede socialista de Cantabria ha sido visitada por Tom\u00e1s Minero, ex Alcalde de Ciudad Delgado (El Salvador) y actualmente tesorero de la Asociaci\u00f3n Municipal de la Energ\u00eda para El Salvador. Ha sido recibido por la candidata al Congreso de los Diputados, Mar\u00eda Jes\u00fas Calva.<\/p>\n<p>En la reuni\u00f3n, Minero ha trasladado la coyuntura pol\u00edtica por la que atraviesa su pa\u00eds, con los constantes bloqueos por parte del Gobierno de Trump, que son afectados directamente a los programas de desarrollo e inversi\u00f3n que realizan a trav\u00e9s de la empresa de econom\u00eda Mixta, ENEPASA, que engloba actualmente 13 municipalidades con una Mancomunidad de Alcaldes. Trabajo que durante 13 a\u00f1os llevan desarrollando en la agricultura nacional, educaci\u00f3n y salud, consiguiendo grandes beneficios para su poblaci\u00f3n, con pr\u00e9stamos blandos, equipamientos o en\u00a0 infraestructuras.<\/p>\n<p>Dentro de su visita a otras comunidades aut\u00f3nomas, Minero tambi\u00e9n ha querido agradecer la colaboraci\u00f3n por las ayudas recibidas por parte de las instituciones a trav\u00e9s de programas de Cooperaci\u00f3n al Desarrollo. <\/p>\n","protected":false},"excerpt":{"rendered":"<p>Esta ma\u00f1ana la sede socialista de Cantabria ha sido visitada por Tom\u00e1s Minero, ex Alcalde de Ciudad Delgado (El Salvador) y actualmente tesorero de la Asociaci\u00f3n Municipal de la Energ\u00eda para El Salvador. Ha sido recibido por la candidata al Congreso de los Diputados, Mar\u00eda Jes\u00fas Calva. En la reuni\u00f3n, Minero ha trasladado la coyuntura [&hellip;]<\/p>\n","protected":false},"author":1,"featured_media":4344,"comment_status":"open","ping_status":"closed","sticky":false,"template":"","format":"standard","meta":{"tdm_status":"","tdm_grid_status":"","footnotes":""},"categories":[14,24,25],"tags":[249,250,251,252],"class_list":["post-4343","post","type-post","status-publish","format-standard","has-post-thumbnail","hentry","category-notas-de-prensa","category-partido","category-actualidad","tag-el-salvador","tag-tomas-minero","tag-maria-jesus-calva","tag-cooperacion"],"_links":{"self":[{"href":"https:\/\/www.psc-psoe.es\/index.php\/wp-json\/wp\/v2\/posts\/4343","targetHints":{"allow":["GET"]}}],"collection":[{"href":"https:\/\/www.psc-psoe.es\/index.php\/wp-json\/wp\/v2\/posts"}],"about":[{"href":"https:\/\/www.psc-psoe.es\/index.php\/wp-json\/wp\/v2\/types\/post"}],"author":[{"embeddable":true,"href":"https:\/\/www.psc-psoe.es\/index.php\/wp-json\/wp\/v2\/users\/1"}],"replies":[{"embeddable":true,"href":"https:\/\/www.psc-psoe.es\/index.php\/wp-json\/wp\/v2\/comments?post=4343"}],"version-history":[{"count":0,"href":"https:\/\/www.psc-psoe.es\/index.php\/wp-json\/wp\/v2\/posts\/4343\/revisions"}],"wp:featuredmedia":[{"embeddable":true,"href":"https:\/\/www.psc-psoe.es\/index.php\/wp-json\/wp\/v2\/media\/4344"}],"wp:attachment":[{"href":"https:\/\/www.psc-psoe.es\/index.php\/wp-json\/wp\/v2\/media?parent=4343"}],"wp:term":[{"taxonomy":"category","embeddable":true,"href":"https:\/\/www.psc-psoe.es\/index.php\/wp-json\/wp\/v2\/categories?post=4343"},{"taxonomy":"post_tag","embeddable":true,"href":"https:\/\/www.psc-psoe.es\/index.php\/wp-json\/wp\/v2\/tags?post=4343"}],"curies":[{"name":"wp","href":"https:\/\/api.w.org\/{rel}","templated":true}]}}