{"id":4340,"date":"2019-10-22T20:08:30","date_gmt":"2019-10-22T18:08:30","guid":{"rendered":"https:\/\/www.psc-psoe.es\/?p=4340"},"modified":"2019-10-22T20:08:30","modified_gmt":"2019-10-22T18:08:30","slug":"el-psoe-propondra-la-puesta-en-marcha-de-un-plan-nacional-para-la-revitalizacion-del-medio-rural-en-la-cordillera-cantabrica","status":"publish","type":"post","link":"https:\/\/www.psc-psoe.es\/index.php\/2019\/10\/22\/el-psoe-propondra-la-puesta-en-marcha-de-un-plan-nacional-para-la-revitalizacion-del-medio-rural-en-la-cordillera-cantabrica\/","title":{"rendered":"El PSOE propondr\u00e1 la puesta en marcha de un Plan Nacional para la revitalizaci\u00f3n del medio rural en la Cordillera Cant\u00e1brica"},"content":{"rendered":"<p>El candidato al Congreso del Partido Socialista, Pedro Casares, ha anunciado hoy en el Mercado Nacional de Ganados de Torrelavega la puesta de marcha de un\u00a0 Plan Nacional de apoyo del medio rural en la Cordillera Cant\u00e1brica \u201cpara que todas esas zonas de alta monta\u00f1a y los rincones de la Cantabria rural tengan un plan espec\u00edfico con medidas concretas y dotaci\u00f3n presupuestaria\u201d.<\/p>\n<p>Casares ha destacado que s\u00f3lo con \u201cuna apuesta decidida al sector ganadero y agr\u00edcola\u201d se podr\u00e1n combatir \u201cdos de los retos y desaf\u00edos m\u00e1s importantes del mundo rural, como son la despoblaci\u00f3n y el envejecimiento\u201d de la poblaci\u00f3n.<\/p>\n<p>En este sentido, el cabeza de lista al Congreso ha destacado que \u201chacen falta medidas concretas para que la gente pueda seguir viviendo en su entorno. Y no hay que reivindicar en Madrid medidas como \u00e9stas. Hay que hacerlo en Bruselas. Para eso, hace falta un Gobierno de la naci\u00f3n fuerte, liderado por Pedro S\u00e1nchez, que est\u00e9 dispuesto a reivindicar la Pol\u00edtica Agraria Com\u00fan en Bruselas para que de la mano del Gobierno nacional traigamos pol\u00edticas concretas que tienen mucho que ver y que apoyar\u00edan mucho a Cantabria\u201d.<\/p>\n<p>As\u00ed lo ha expresado el candidato al Congreso durante un encuentro celebrado esta tarde en el Ferial de Torrelavega con organizaciones agrarias y representantes del sector.<\/p>\n<p>En este recinto, Casares ha sostenido que \u201ctenemos que trabajar para que una instalaci\u00f3n que es referente a nivel nacional pueda potenciar su uso ganadero\u201d. No obstante, ha a\u00f1adido, que debe ser compatible con otros usos. \u201cY eso tiene que venir de la mano de un Gobierno socialista en Madrid y en Cantabria, y con el apoyo y el impulso del ayuntamiento de Torrelavega\u201d.<\/p>\n<p>Finalmente, el l\u00edder socialista ha recordado que el presidente del Gobierno en funciones, Pedro S\u00e1nchez, \u201cha sido el \u00fanico en la historia de la democracia \u201d de Espa\u00f1a que ha visitado el Ferial, \u201cmostrando el compromiso de los socialistas con esta instalaci\u00f3n\u201d y con Cantabria.<\/p>\n<p>\u201cUna vez m\u00e1s, el PSOE quer\u00eda comprometerse con el entorno rural, con la Cantabria ganadera y la Cantabria agr\u00edcola porque es la muestra de lo que mejor representa a los hombres y mujeres de esta tierra\u201d, ha concluido. <\/p>\n","protected":false},"excerpt":{"rendered":"<p>El candidato al Congreso del Partido Socialista, Pedro Casares, ha anunciado hoy en el Mercado Nacional de Ganados de Torrelavega la puesta de marcha de un\u00a0 Plan Nacional de apoyo del medio rural en la Cordillera Cant\u00e1brica \u201cpara que todas esas zonas de alta monta\u00f1a y los rincones de la Cantabria rural tengan un plan [&hellip;]<\/p>\n","protected":false},"author":1,"featured_media":4341,"comment_status":"open","ping_status":"closed","sticky":false,"template":"","format":"standard","meta":{"tdm_status":"","tdm_grid_status":"","footnotes":""},"categories":[14,24,25],"tags":[31,245,246,247,248],"class_list":["post-4340","post","type-post","status-publish","format-standard","has-post-thumbnail","hentry","category-notas-de-prensa","category-partido","category-actualidad","tag-torrelavega","tag-plan-nacional","tag-ganados","tag-mercado-nacional-de-ganados","tag-medio-rural"],"_links":{"self":[{"href":"https:\/\/www.psc-psoe.es\/index.php\/wp-json\/wp\/v2\/posts\/4340","targetHints":{"allow":["GET"]}}],"collection":[{"href":"https:\/\/www.psc-psoe.es\/index.php\/wp-json\/wp\/v2\/posts"}],"about":[{"href":"https:\/\/www.psc-psoe.es\/index.php\/wp-json\/wp\/v2\/types\/post"}],"author":[{"embeddable":true,"href":"https:\/\/www.psc-psoe.es\/index.php\/wp-json\/wp\/v2\/users\/1"}],"replies":[{"embeddable":true,"href":"https:\/\/www.psc-psoe.es\/index.php\/wp-json\/wp\/v2\/comments?post=4340"}],"version-history":[{"count":0,"href":"https:\/\/www.psc-psoe.es\/index.php\/wp-json\/wp\/v2\/posts\/4340\/revisions"}],"wp:featuredmedia":[{"embeddable":true,"href":"https:\/\/www.psc-psoe.es\/index.php\/wp-json\/wp\/v2\/media\/4341"}],"wp:attachment":[{"href":"https:\/\/www.psc-psoe.es\/index.php\/wp-json\/wp\/v2\/media?parent=4340"}],"wp:term":[{"taxonomy":"category","embeddable":true,"href":"https:\/\/www.psc-psoe.es\/index.php\/wp-json\/wp\/v2\/categories?post=4340"},{"taxonomy":"post_tag","embeddable":true,"href":"https:\/\/www.psc-psoe.es\/index.php\/wp-json\/wp\/v2\/tags?post=4340"}],"curies":[{"name":"wp","href":"https:\/\/api.w.org\/{rel}","templated":true}]}}