{"id":4335,"date":"2019-10-22T13:37:50","date_gmt":"2019-10-22T11:37:50","guid":{"rendered":"https:\/\/www.psc-psoe.es\/?p=4335"},"modified":"2019-10-22T14:11:52","modified_gmt":"2019-10-22T12:11:52","slug":"juventudes-socialistas-de-cantabria-abre-una-nueva-agrupacion-en-castro-urdiales","status":"publish","type":"post","link":"https:\/\/www.psc-psoe.es\/index.php\/2019\/10\/22\/juventudes-socialistas-de-cantabria-abre-una-nueva-agrupacion-en-castro-urdiales\/","title":{"rendered":"Juventudes Socialistas de Cantabria abre una nueva agrupaci\u00f3n en Castro Urdiales"},"content":{"rendered":"<p class=\"p1\">Las Juventudes Socialistas de Cantabria, a trav\u00e9s de su secretario de Organizaci\u00f3n, Fran Gasc\u00f3n, han formalizado la creaci\u00f3n de la agrupaci\u00f3n de Juventudes Socialistas de Castro Urdiales en compa\u00f1\u00eda de la alcaldesa de Castro,Susana Herr\u00e1n; el secretario general del PSOE de Castro, Pablo Antu\u00f1ano; el secretario general de JSC, Marcos Agudo, y contando con la presencia de otros miembros de la Comisi\u00f3n Ejecutiva Regional de Juventudes Socialistas.<\/p>\n<p class=\"p1\">En la constituci\u00f3n de la nueva agrupaci\u00f3n, Pablo Ib\u00e1\u00f1ez ha sido elegido por unanimidad secretario general y ser\u00e1 el responsable de liderar este &#8220;ilusionante&#8221; proyecto junto con Alba Muro, secretaria de Organizaci\u00f3n y Aitor Abad, secretario de Pol\u00edtica Institucional.<\/p>\n<p class=\"p1\">Marcos Agudo, secretario general de Juventudes Socialistas de Cantabria, ha expresado que es una &#8220;satisfacci\u00f3n&#8221; la formaci\u00f3n de una nueva agrupaci\u00f3n en un municipio con la &#8220;relevancia&#8221; de Castro Urdiales, por lo que ha mostrado todo su apoyo y el de la Ejecutiva Regional &#8220;para todo lo que la nueva agrupaci\u00f3n castre\u00f1a precise\u201d. Cabe destacar que al acto acudieron tambi\u00e9n Lydia Ter\u00e1n, Fran Cano y Yanire Jara en representaci\u00f3n de la Comisi\u00f3n Ejecutiva Regional.<\/p>\n<p class=\"p1\">El nuevo secretario general, Pablo Ib\u00e1\u00f1ez, quiso dedicar unas palabras de agradecimiento al finalizar el acto. \u201cQuiero agradecer, en primer lugar, la confianza depositada en m\u00ed para este cometido. Soy consciente del trabajo y la responsabilidad que supone este cargo, pero la afronto con todas las ganas y toda la ilusi\u00f3n que se merece\u201d .<\/p>\n<p class=\"p1\">Todos los miembros de la nueva agrupaci\u00f3n luchar\u00e1n por el feminismo, la defensa de los valores LGTBI, la lucha contra el cambio clim\u00e1tico o la movilidad sostenible. Estas son algunas de las reivindicaciones en las que el equipo se implicar\u00e1 d\u00eda a d\u00eda con el objetivo de implantarlas en la agenda de la ciudad.<\/p>\n<p class=\"p1\">Asimismo, Ib\u00e1\u00f1ez concluy\u00f3 la asamblea declarando que esta es una oportunidad para impulsar proyectos necesarios en Castro Urdiales, en la que su juventud aspira a jugar un papel protagonista. &#8220;J\u00f3venes implicados con luchas tan necesarias como presentes en la actualidad social y medi\u00e1tica\u201d, ha afirmado.<\/p>\n","protected":false},"excerpt":{"rendered":"<p>Las Juventudes Socialistas de Cantabria, a trav\u00e9s de su secretario de Organizaci\u00f3n, Fran Gasc\u00f3n, han formalizado la creaci\u00f3n de la agrupaci\u00f3n de Juventudes Socialistas de Castro Urdiales en compa\u00f1\u00eda de la alcaldesa de Castro,Susana Herr\u00e1n; el secretario general del PSOE de Castro, Pablo Antu\u00f1ano; el secretario general de JSC, Marcos Agudo, y contando con la [&hellip;]<\/p>\n","protected":false},"author":1,"featured_media":4336,"comment_status":"open","ping_status":"closed","sticky":false,"template":"","format":"standard","meta":{"tdm_status":"","tdm_grid_status":"","footnotes":""},"categories":[14,24,1,25],"tags":[242,243,244],"class_list":["post-4335","post","type-post","status-publish","format-standard","has-post-thumbnail","hentry","category-notas-de-prensa","category-partido","category-uncategorized","category-actualidad","tag-juventudes-socialistas","tag-js","tag-castro-urdiales"],"_links":{"self":[{"href":"https:\/\/www.psc-psoe.es\/index.php\/wp-json\/wp\/v2\/posts\/4335","targetHints":{"allow":["GET"]}}],"collection":[{"href":"https:\/\/www.psc-psoe.es\/index.php\/wp-json\/wp\/v2\/posts"}],"about":[{"href":"https:\/\/www.psc-psoe.es\/index.php\/wp-json\/wp\/v2\/types\/post"}],"author":[{"embeddable":true,"href":"https:\/\/www.psc-psoe.es\/index.php\/wp-json\/wp\/v2\/users\/1"}],"replies":[{"embeddable":true,"href":"https:\/\/www.psc-psoe.es\/index.php\/wp-json\/wp\/v2\/comments?post=4335"}],"version-history":[{"count":0,"href":"https:\/\/www.psc-psoe.es\/index.php\/wp-json\/wp\/v2\/posts\/4335\/revisions"}],"wp:featuredmedia":[{"embeddable":true,"href":"https:\/\/www.psc-psoe.es\/index.php\/wp-json\/wp\/v2\/media\/4336"}],"wp:attachment":[{"href":"https:\/\/www.psc-psoe.es\/index.php\/wp-json\/wp\/v2\/media?parent=4335"}],"wp:term":[{"taxonomy":"category","embeddable":true,"href":"https:\/\/www.psc-psoe.es\/index.php\/wp-json\/wp\/v2\/categories?post=4335"},{"taxonomy":"post_tag","embeddable":true,"href":"https:\/\/www.psc-psoe.es\/index.php\/wp-json\/wp\/v2\/tags?post=4335"}],"curies":[{"name":"wp","href":"https:\/\/api.w.org\/{rel}","templated":true}]}}