{"id":4305,"date":"2019-10-15T19:16:43","date_gmt":"2019-10-15T17:16:43","guid":{"rendered":"https:\/\/www.psc-psoe.es\/?p=4305"},"modified":"2019-10-16T08:34:43","modified_gmt":"2019-10-16T06:34:43","slug":"el-psoe-llevara-la-voz-de-las-mujeres-rurales-de-cantabria-a-las-cortes-generales","status":"publish","type":"post","link":"https:\/\/www.psc-psoe.es\/index.php\/2019\/10\/15\/el-psoe-llevara-la-voz-de-las-mujeres-rurales-de-cantabria-a-las-cortes-generales\/","title":{"rendered":"El PSOE llevar\u00e1 la voz de las mujeres rurales de Cantabria a las Cortes Generales"},"content":{"rendered":"<p>El PSOE de Cantabria llevar\u00e1 la voz de las mujeres rurales a las Cortes Generales, tal y como se han comprometido hoy el candidato al Congreso de los Diputados, Pedro Casares; y la candidata al Senado, Isabel Fern\u00e1ndez, durante un encuentro mantenido en Cabez\u00f3n de la Sal con asociaciones de mujeres rurales.<\/p>\n<p>\u201cQueremos que la voz del mundo rural de Cantabria se escuche en Madrid y que tengan voz directa en el Congreso y en el Senado, ha dicho el l\u00edder socialista.<\/p>\n<p>El candidato al Congreso de los Diputados, Pedro Casares, ha manifestado que es \u201curgente\u201d atender las necesidades del mundo rural \u201cy poner todos los recursos\u201d para frenar la despoblaci\u00f3n de las zonas rurales como las comarcas de Li\u00e9bana, As\u00f3n o Saja-Nansa.<\/p>\n<p>Casares ha defendido \u201cel empoderamiento de la mujer en el mundo rural\u201d como uno de los instrumentos para potenciar el desarrollo de actividades profesionales y laborales en un entorno \u201ctodav\u00eda muy masculinizado y envejecido\u201d.<\/p>\n<p>En este sentido, ha se\u00f1alado que el objetivo \u201ca medio y largo plazo\u201d es lograr que las mujeres j\u00f3venes que quieran quedarse en su tierra, desarrollando su proyecto profesional y personal, \u201cpuedan hacerlo\u201d. Para ello, considera necesario que \u201cel Estado las ayude y les d\u00e9 instrumentos y herramientas\u201d para que puedan hacerlo.<\/p>\n<p>\u201cHay muchas actividades en el \u00e1mbito rural con las que se puede potenciar y promover la formaci\u00f3n y el desarrollo de las mujeres rurales en materia de emprendimiento, as\u00ed como a promocionar sus iniciativas empresariales para que tengan un mayor impacto en el desarrollo econ\u00f3mico y social de los municipios\u201d ha destacado el cabeza de lista.<\/p>\n<p>Por otra parte, los candidatos al Congreso y al Senado se han comprometido a incrementar los recursos econ\u00f3micos y personales en materia de dependencia en el \u00e1mbito rural. \u201cLa Dependencia es un derecho consolidado de nuestro Estado del Bienestar y no solo debe estar presente en la vida de quienes vivimos en las ciudades, sino tambi\u00e9n en el mundo rural\u201d. \u201cApoyar la Dependencia es tambi\u00e9n conseguir que las mujeres se puedan quedar en el entorno rural y asentar la poblaci\u00f3n\u201d.<\/p>\n<p>\u201cDebemos trabajar para erradicar esa desigualdad &#8211;que es a\u00fan m\u00e1s dura en la realidad de muchos pueblos peque\u00f1os de Cantabria&#8211; para que las mujeres tengan los mismos derechos y las mismas oportunidades que en otras partes de nuestro pa\u00eds\u201d, ha concluido Casares. <\/p>\n","protected":false},"excerpt":{"rendered":"<p>El PSOE de Cantabria llevar\u00e1 la voz de las mujeres rurales a las Cortes Generales, tal y como se han comprometido hoy el candidato al Congreso de los Diputados, Pedro Casares; y la candidata al Senado, Isabel Fern\u00e1ndez, durante un encuentro mantenido en Cabez\u00f3n de la Sal con asociaciones de mujeres rurales. \u201cQueremos que la [&hellip;]<\/p>\n","protected":false},"author":1,"featured_media":4306,"comment_status":"open","ping_status":"closed","sticky":false,"template":"","format":"standard","meta":{"tdm_status":"","tdm_grid_status":"","footnotes":""},"categories":[14,24,25],"tags":[181,205,218,219,220,221],"class_list":["post-4305","post","type-post","status-publish","format-standard","has-post-thumbnail","hentry","category-notas-de-prensa","category-partido","category-actualidad","tag-pedro-casares","tag-10n","tag-mujeres-rurales","tag-cantabria-rural","tag-isabel-fernandez","tag-cortes-generales"],"_links":{"self":[{"href":"https:\/\/www.psc-psoe.es\/index.php\/wp-json\/wp\/v2\/posts\/4305","targetHints":{"allow":["GET"]}}],"collection":[{"href":"https:\/\/www.psc-psoe.es\/index.php\/wp-json\/wp\/v2\/posts"}],"about":[{"href":"https:\/\/www.psc-psoe.es\/index.php\/wp-json\/wp\/v2\/types\/post"}],"author":[{"embeddable":true,"href":"https:\/\/www.psc-psoe.es\/index.php\/wp-json\/wp\/v2\/users\/1"}],"replies":[{"embeddable":true,"href":"https:\/\/www.psc-psoe.es\/index.php\/wp-json\/wp\/v2\/comments?post=4305"}],"version-history":[{"count":0,"href":"https:\/\/www.psc-psoe.es\/index.php\/wp-json\/wp\/v2\/posts\/4305\/revisions"}],"wp:featuredmedia":[{"embeddable":true,"href":"https:\/\/www.psc-psoe.es\/index.php\/wp-json\/wp\/v2\/media\/4306"}],"wp:attachment":[{"href":"https:\/\/www.psc-psoe.es\/index.php\/wp-json\/wp\/v2\/media?parent=4305"}],"wp:term":[{"taxonomy":"category","embeddable":true,"href":"https:\/\/www.psc-psoe.es\/index.php\/wp-json\/wp\/v2\/categories?post=4305"},{"taxonomy":"post_tag","embeddable":true,"href":"https:\/\/www.psc-psoe.es\/index.php\/wp-json\/wp\/v2\/tags?post=4305"}],"curies":[{"name":"wp","href":"https:\/\/api.w.org\/{rel}","templated":true}]}}