{"id":4296,"date":"2019-10-11T20:56:23","date_gmt":"2019-10-11T18:56:23","guid":{"rendered":"https:\/\/www.psc-psoe.es\/?p=4296"},"modified":"2019-10-16T08:36:44","modified_gmt":"2019-10-16T06:36:44","slug":"el-psoe-se-presenta-como-la-unica-garantia-para-defender-los-intereses-de-cantabria","status":"publish","type":"post","link":"https:\/\/www.psc-psoe.es\/index.php\/2019\/10\/11\/el-psoe-se-presenta-como-la-unica-garantia-para-defender-los-intereses-de-cantabria\/","title":{"rendered":"El PSOE se presenta como \u201cla \u00fanica garant\u00eda para defender los intereses de Cantabria\u201d"},"content":{"rendered":"<p>El secretario general del PSOE de Cantabria, Pablo Zuloaga; y los cabezas de listas al Congreso, Pedro Casares, y al Senado, Isabel Fern\u00e1ndez, han presentado al resto de candidatos, ante decenas de militantes, as\u00ed como las principales propuestas socialistas para las pr\u00f3ximas elecciones generales del 10 de noviembre.<\/p>\n<p>La secretaria de Organizaci\u00f3n, Noelia Cobo, ha sido la encargada de introducir a los candidatos en un acto celebrado esta tarde en la Plaza del Doctor Madrazo.<\/p>\n<p>Zuloaga, Casares y Fern\u00e1ndez han asegurado que una victoria del Partido Socialista es la \u00fanica garant\u00eda para la defensa de los intereses de Cantabria y para abordar los grandes desaf\u00edos a los que se enfrenta Espa\u00f1a. \u00a0Han\u00a0 pedido a los militantes que se movilicen hasta el 10 de noviembre con el objetivo de \u201ccontarle a todos, en toda Cantabria, qu\u00e9 es lo que est\u00e1 en juego en estas elecciones\u201d.<\/p>\n<p>Los intervinientes han coincidido en defender a un Partido Socialista que lucha por una sociedad igualitaria, por la subida del SMI, la revaloraci\u00f3n de las pensiones en funci\u00f3n del IPC, por m\u00e1s becas universitarias, por un planeta sostenible, o por la escolarizaci\u00f3n gratuita de 0 a 3 a\u00f1os, entre otros muchos temas; pero tambi\u00e9n han asegurado que el PSOE no se olvida de los problemas concretos que tiene Cantabria, como pagar Valdecilla o mejorar las infraestructuras de la regi\u00f3n.<\/p>\n<p>Casares ha recordado que ha sido el Gobierno de Pedro S\u00e1nchez el que ha recuperado derechos sociales y ha aprobado reformas importantes; pero tambi\u00e9n, ha asegurado, es un Gobierno socialista el que se ha atrevido a \u201cdignificar nuestra memoria colectiva como pa\u00eds\u201d al sacar \u201cde la tumba a un dictador 40 a\u00f1os despu\u00e9s de su muerte\u201d.<\/p>\n<p>El candidato al Congreso ha asegurado que el PSOE es la \u201cizquierda responsable\u201d y \u201ctransformadora de este pa\u00eds\u201d, al tiempo que \u00a0ha aprovechado para recordar que Ciudadanos ha dado la llave del Ayuntamiento de Santander a quienes \u201cllevan 40 a\u00f1os gobernando\u201d y que \u201cha preferido mantener al PP ali\u00e1ndose con la extrema derecha de VOX\u201d a pesar de \u201cque ven\u00eda a regenerar la vida pol\u00edtica\u201d.<\/p>\n<p>Casares ha acusado tambi\u00e9n al Partido Popular de mentir y de \u201ccambiar de discurso\u201d en funci\u00f3n de si est\u00e1 en el Gobierno o si est\u00e1 en la oposici\u00f3n\u201d.<\/p>\n<p>\u201c \u00bfA qui\u00e9n quieren enga\u00f1ar cuando dicen que van a pagar Valdecilla si han estado 7 a\u00f1os en el Gobierno sin poner un solo euro?\u201d, ha dicho el l\u00edder socialista despu\u00e9s de que el popular Pedro Casado dijera ayer en Santo\u00f1a que si gana las elecciones pagar\u00e1 los 122 millones de euros que a\u00fan se adeudan por las obras del Hospital Universitario.<\/p>\n<p>\u201c\u00bfA qui\u00e9n quieren enga\u00f1ar cuando hablan de traer el tren a Reinosa cuando tuvieron un ministro de Fomento de Santander que ven\u00eda cada fin de semana a hacer un anuncio y no licit\u00f3 ni un kil\u00f3metro de obra p\u00fablica?\u201d, ha espetado Casares.<\/p>\n<p>Asimismo, ha recordado al Partido Regionalista de Cantabria que el PSOE no necesita de \u201cintermediarios\u201d y \u201ca nadie para recordarnos a Cantabria\u201d. En este sentido, tanto Casares como Zuloaga han reiterado que los intereses de esta comunidad ser\u00e1n defendidos m\u00e1s directamente cu\u00e1ntos m\u00e1s diputados y senadores socialistas de Cantabria haya en Madrid.<\/p>\n<p>El cabeza de lista al Congreso por Cantabria ha apelado a \u201cnuestra\u201d gente que \u201cha dedicado su vida a luchar y hacer una sociedad mejor con sacrificio y dignidad\u201d para que vuelva a llenar las urnas el pr\u00f3ximo 10 de noviembre \u201ccon votos de pu\u00f1os y rosas que llevan 140 a\u00f1os defendiendo a la gente trabajadora que quiere un pa\u00eds mejor\u201d.<\/p>\n<p>El l\u00edder socialista ha recordado que el pasado 28 de abril el PSOE fue el \u00fanico partido que dio soluciones a todos aquellos que defienden y necesitan una Sanidad P\u00fablica Universal, una Educaci\u00f3n P\u00fablica de calidad, pensiones y salarios dignas, e incluso un mundo mejor y menos contaminado que dejar a las generaciones futuras.<\/p>\n<p>\u201cPor eso defendemos la igualdad, la libertad, la justicia social. La solidaridad y la redistribuci\u00f3n de la riqueza, para que nunca m\u00e1s la crisis la paguen quienes menos tienes, y m\u00e1s nos necesitan\u201d, ha dicho el candidato socialista al Congreso.<\/p>\n<p>El l\u00edder de los socialistas c\u00e1ntabros, Pablo Zuloaga, ha recordado que \u201cel PSOE ha hecho m\u00e1s por Cantabria en 10 meses que el Gobierno de Rajoy en ocho a\u00f1os\u201d.<\/p>\n<p>\u201cVamos a las elecciones \u2013ha dicho el secretario general del PSOE en Cantabria\u2014porque sabemos que cuando se trata de las personas, del futuro de las familias, de los j\u00f3venes, de la infancia, conviene hacer lo correcto y no lo f\u00e1cil\u201d.<\/p>\n<p>Isabel Fern\u00e1ndez, que encabeza la lista al Senado ha destacado la importancia de la C\u00e1mara Alta para decidir cuestiones fundamentales que influyen directamente en la acci\u00f3n de Gobierno y en la vida de los espa\u00f1oles en el \u00e1mbito pol\u00edtico, econ\u00f3mico y judicial. <\/p>\n","protected":false},"excerpt":{"rendered":"<p>El secretario general del PSOE de Cantabria, Pablo Zuloaga; y los cabezas de listas al Congreso, Pedro Casares, y al Senado, Isabel Fern\u00e1ndez, han presentado al resto de candidatos, ante decenas de militantes, as\u00ed como las principales propuestas socialistas para las pr\u00f3ximas elecciones generales del 10 de noviembre. La secretaria de Organizaci\u00f3n, Noelia Cobo, ha [&hellip;]<\/p>\n","protected":false},"author":1,"featured_media":4297,"comment_status":"open","ping_status":"closed","sticky":false,"template":"","format":"standard","meta":{"tdm_status":"","tdm_grid_status":"","footnotes":""},"categories":[14,24,25],"tags":[175,196,197,204,205],"class_list":["post-4296","post","type-post","status-publish","format-standard","has-post-thumbnail","hentry","category-notas-de-prensa","category-partido","category-actualidad","tag-senado","tag-congreso","tag-candidaturas","tag-elecciones","tag-10n"],"_links":{"self":[{"href":"https:\/\/www.psc-psoe.es\/index.php\/wp-json\/wp\/v2\/posts\/4296","targetHints":{"allow":["GET"]}}],"collection":[{"href":"https:\/\/www.psc-psoe.es\/index.php\/wp-json\/wp\/v2\/posts"}],"about":[{"href":"https:\/\/www.psc-psoe.es\/index.php\/wp-json\/wp\/v2\/types\/post"}],"author":[{"embeddable":true,"href":"https:\/\/www.psc-psoe.es\/index.php\/wp-json\/wp\/v2\/users\/1"}],"replies":[{"embeddable":true,"href":"https:\/\/www.psc-psoe.es\/index.php\/wp-json\/wp\/v2\/comments?post=4296"}],"version-history":[{"count":0,"href":"https:\/\/www.psc-psoe.es\/index.php\/wp-json\/wp\/v2\/posts\/4296\/revisions"}],"wp:featuredmedia":[{"embeddable":true,"href":"https:\/\/www.psc-psoe.es\/index.php\/wp-json\/wp\/v2\/media\/4297"}],"wp:attachment":[{"href":"https:\/\/www.psc-psoe.es\/index.php\/wp-json\/wp\/v2\/media?parent=4296"}],"wp:term":[{"taxonomy":"category","embeddable":true,"href":"https:\/\/www.psc-psoe.es\/index.php\/wp-json\/wp\/v2\/categories?post=4296"},{"taxonomy":"post_tag","embeddable":true,"href":"https:\/\/www.psc-psoe.es\/index.php\/wp-json\/wp\/v2\/tags?post=4296"}],"curies":[{"name":"wp","href":"https:\/\/api.w.org\/{rel}","templated":true}]}}