{"id":4270,"date":"2019-09-30T21:59:17","date_gmt":"2019-09-30T19:59:17","guid":{"rendered":"https:\/\/www.psc-psoe.es\/?p=4270"},"modified":"2025-04-01T15:17:31","modified_gmt":"2025-04-01T14:17:31","slug":"el-psoe-confirma-las-candidaturas-al-congreso-y-al-senado-con-pedro-casares-e-isabel-fernandez-al-frente","status":"publish","type":"post","link":"https:\/\/www.psc-psoe.es\/index.php\/2019\/09\/30\/el-psoe-confirma-las-candidaturas-al-congreso-y-al-senado-con-pedro-casares-e-isabel-fernandez-al-frente\/","title":{"rendered":"El PSOE confirma las candidaturas al Congreso y al Senado con Pedro Casares e Isabel Fern\u00e1ndez al frente"},"content":{"rendered":"<p><strong>Santander, 30 de septiembre de 2019<\/strong>.<\/p>\n<p>El PSOE ha ratificado hoy la propuesta de la Comisi\u00f3n Ejecutiva Regional del PSOE de Cantabria para las candidaturas a las Cortes Generales de cara a las pr\u00f3ximas Elecciones Generales del 10 de noviembre.<\/p>\n<p>El Comit\u00e9 Federal celebrado el pasado s\u00e1bado 28 de septiembre deleg\u00f3 en la Comisi\u00f3n Federal de Listas, celebrada esta tarde, la aprobaci\u00f3n definitiva de las candidaturas al Congreso de los Diputados y al Senado.<\/p>\n<p>Unas listas con un \u201cclaro compromiso con Cantabria y el municipalismo\u201d al estar integradas por personas con un largo recorrido en la pol\u00edtica municipal de la regi\u00f3n, que se confirman el mismo d\u00eda que el secretario general del PSOE y presidente del Gobierno en funciones, Pedro S\u00e1nchez, ha presentado el lema de campa\u00f1a \u201cAhora gobierno, ahora Espa\u00f1a\u201d.<\/p>\n<p>Con este lema, el PSOE apuesta por garantizar un Gobierno progresista y estable para los pr\u00f3ximos cuatro a\u00f1os que afronte los retos del pa\u00eds, frente a otras opciones pol\u00edticas que solo han demostrado con sus hechos que bloquean la gobernabilidad.<\/p>\n<p>As\u00ed, Pedro Casares Honta\u00f1\u00f3n encabezar\u00e1 la candidatura socialista al Congreso de los Diputados, tras seis a\u00f1os como concejal y Portavoz Municipal del PSOE en el ayuntamiento de Santander.<\/p>\n<p>Casares es Licenciado en Econom\u00eda,\u00a0M\u00e1ster en Comercio Internacional y Doctor en Econom\u00eda. Es profesor del Departamento de Econom\u00eda de la Universidad de Cantabria y Director del M\u00e1ster Universitario en Comercio, Transportes y Comunicaciones Internacionales.<\/p>\n<p>Adem\u00e1s, es el secretario general del PSOE de Santander y forma parte de la Ejecutiva Federal del PSOE, como secretario de Infraestructuras y Transportes.<\/p>\n<p>Una candidatura en la que Mar\u00eda Jes\u00fas Calva Ruiz, funcionaria del Gobierno de Cantabria y ex alcaldesa de Camargo, ser\u00e1 la numero dos. Le siguen Marcos Agudo Bustillo, secretario general de Juventudes Socialistas de Cantabria en tercer lugar; Lourdes Pisano Garc\u00eda, trabajadora del Hospital de Sierrallana y secretaria ejecutiva del PSOE de Relaciones Laborales, en el cuarto; y Borja Sa\u00f1udo Viadero, secretario general de la agrupaci\u00f3n de Medio Cudeyo y concejal de Medio Ambiente, Parques y Jardines, Juntas Vecinales y Pueblos, en quinto lugar.<\/p>\n<p>Los suplentes ser\u00e1n Emilia P\u00e9rez Prieto (Marina de Cudeyo), Luis Concha Novoa (Santander), Margarita Revuelta (Cabez\u00f3n de la Sal) y Juan Ignacio Portilla Qu\u00edlez (Astillero).<\/p>\n<p>De la misma forma, Jos\u00e9 Manuel Cruz Viadero, ex alcalde de Torrelavega, y profesor en Ciencias Econ\u00f3micas y licenciado en Ciencias Econ\u00f3micas y Empresariales por la Universidad del Pa\u00eds Vasco, ocupar\u00e1 el segundo puesto en la candidatura al Senado.<\/p>\n<p>De esta forma, la lista al Senado queda conformada por Isabel Fern\u00e1ndez Guti\u00e9rrez, profesora y secretaria de Pol\u00edtica Institucional del PSOE; Jos\u00e9 Manuel Cruz Viadero; y Roc\u00edo R\u00e1bago G\u00f3mez, secretaria ejecutiva del PSOE para la comarca de Li\u00e9bana. Los suplentes son Rodrigo L\u00f3pez Laso (Torrelavega), Mar\u00eda Teresa del Hoyo (Castro Urdiales) y V\u00edctor Casal Guill\u00e9n (Santa Cruz de Bezana) respectivamente. <\/p>\n","protected":false},"excerpt":{"rendered":"<p>Santander, 30 de septiembre de 2019. El PSOE ha ratificado hoy la propuesta de la Comisi\u00f3n Ejecutiva Regional del PSOE de Cantabria para las candidaturas a las Cortes Generales de cara a las pr\u00f3ximas Elecciones Generales del 10 de noviembre. El Comit\u00e9 Federal celebrado el pasado s\u00e1bado 28 de septiembre deleg\u00f3 en la Comisi\u00f3n Federal [&hellip;]<\/p>\n","protected":false},"author":1,"featured_media":4271,"comment_status":"open","ping_status":"closed","sticky":false,"template":"","format":"standard","meta":{"tdm_status":"","tdm_grid_status":"","footnotes":""},"categories":[14,24,420,25],"tags":[175,196,197],"class_list":["post-4270","post","type-post","status-publish","format-standard","has-post-thumbnail","hentry","category-notas-de-prensa","category-partido","category-pedro-casares","category-actualidad","tag-senado","tag-congreso","tag-candidaturas"],"_links":{"self":[{"href":"https:\/\/www.psc-psoe.es\/index.php\/wp-json\/wp\/v2\/posts\/4270","targetHints":{"allow":["GET"]}}],"collection":[{"href":"https:\/\/www.psc-psoe.es\/index.php\/wp-json\/wp\/v2\/posts"}],"about":[{"href":"https:\/\/www.psc-psoe.es\/index.php\/wp-json\/wp\/v2\/types\/post"}],"author":[{"embeddable":true,"href":"https:\/\/www.psc-psoe.es\/index.php\/wp-json\/wp\/v2\/users\/1"}],"replies":[{"embeddable":true,"href":"https:\/\/www.psc-psoe.es\/index.php\/wp-json\/wp\/v2\/comments?post=4270"}],"version-history":[{"count":1,"href":"https:\/\/www.psc-psoe.es\/index.php\/wp-json\/wp\/v2\/posts\/4270\/revisions"}],"predecessor-version":[{"id":10103,"href":"https:\/\/www.psc-psoe.es\/index.php\/wp-json\/wp\/v2\/posts\/4270\/revisions\/10103"}],"wp:featuredmedia":[{"embeddable":true,"href":"https:\/\/www.psc-psoe.es\/index.php\/wp-json\/wp\/v2\/media\/4271"}],"wp:attachment":[{"href":"https:\/\/www.psc-psoe.es\/index.php\/wp-json\/wp\/v2\/media?parent=4270"}],"wp:term":[{"taxonomy":"category","embeddable":true,"href":"https:\/\/www.psc-psoe.es\/index.php\/wp-json\/wp\/v2\/categories?post=4270"},{"taxonomy":"post_tag","embeddable":true,"href":"https:\/\/www.psc-psoe.es\/index.php\/wp-json\/wp\/v2\/tags?post=4270"}],"curies":[{"name":"wp","href":"https:\/\/api.w.org\/{rel}","templated":true}]}}