{"id":4261,"date":"2019-09-25T17:26:32","date_gmt":"2019-09-25T15:26:32","guid":{"rendered":"https:\/\/www.psc-psoe.es\/?p=4261"},"modified":"2019-09-30T22:00:29","modified_gmt":"2019-09-30T20:00:29","slug":"el-psoe-de-santander-propone-una-ordenanza-reguladora-del-funcionamiento-del-transporte-publico","status":"publish","type":"post","link":"https:\/\/www.psc-psoe.es\/index.php\/2019\/09\/25\/el-psoe-de-santander-propone-una-ordenanza-reguladora-del-funcionamiento-del-transporte-publico\/","title":{"rendered":"El PSOE de Santander propone una Ordenanza Reguladora del funcionamiento del Transporte P\u00fablico"},"content":{"rendered":"<p><span style=\"color: #000000;\">Santander, 25 de septiembre de 2019. El secretario general del PSOE y portavoz municipal en el Ayuntamiento de Santander, Pedro Casares, propondr\u00e1 en el pr\u00f3ximo Pleno Municipal, que se celebra este jueves 26 de septiembre, la aprobaci\u00f3n de una Ordenanza Reguladora del funcionamiento del Transporte p\u00fablico.<\/span><\/p>\n<p><span style=\"color: #000000;\">Casares, que ha registrado una moci\u00f3n en este sentido, considera que es \u201curgente\u201d regular\u00a0\u00a0<\/span><span style=\"color: #000000;\">los derechos y obligaciones de usuarios y trabajadores del servicio municipal.<\/span><\/p>\n<p><span style=\"color: #000000;\">Para ello, el concejal quiere que se cuente con la participaci\u00f3n de los grupos municipales, del Consejo de Administraci\u00f3n y del comit\u00e9 de empresa del Servicio Municipalizado de Transportes Urbanos (SMTU).<\/span><\/p>\n<p><span style=\"color: #000000;\">El l\u00edder de los socialistas santanderinos afirma que la denuncia p\u00fablica de una joven de 16 a\u00f1os con par\u00e1lisis cerebral, cuando se le neg\u00f3 el acceso al autob\u00fas con la motocicleta adaptada que utiliza en sus desplazamientos, ha vuelto a poner \u201cde relieve\u201d la importancia de regular normativamente los derechos de todos los usuarios y trabajadores.<\/span><\/p>\n<p><span style=\"color: #000000;\">As\u00ed, el portavoz socialista recuerda que es una Ordenanza de la que se lleva hablando, sobre su redacci\u00f3n y desarrollo, desde hace varias legislaturas y a\u00fan no han visto la luz. \u201cA pesar de que durante la legislatura pasada se anunci\u00f3 la tramitaci\u00f3n de dicha ordenanza sin que, finalmente, se aprobara texto alguno\u201d se\u00f1ala.<\/span><\/p>\n<p><span style=\"color: #000000;\">En este sentido, Casares recuerda dos fechas \u201cclave\u201d durante la pasada legislatura, que \u201cevidencian\u201d la falta de voluntad pol\u00edtica para llevar a cabo esta iniciativa.<\/span><\/p>\n<p><span style=\"color: #000000;\">La primera de ellas, el 11 de mayo de 2016, cuando se present\u00f3 en el Consejo de Administraci\u00f3n del Servicio Municipalizado de Transportes Urbanos el borrador de propuesta de una ordenanza reguladora del funcionamiento del transporte p\u00fablico \u201cque m\u00e1s de 3 a\u00f1os despu\u00e9s sigue sin estar aprobada\u201d.<\/span><\/p>\n<p><span style=\"color: #000000;\">Por \u00faltimo, Pedro Casares recuerda que el 28 de septiembre de 2018, dos a\u00f1os despu\u00e9s, a preguntas del PSOE en dicho Consejo de Administraci\u00f3n sobre el estado de la tramitaci\u00f3n de la nueva ordenanza municipal reguladora del transporte p\u00fablico de viajeros en autob\u00fas, se garantiz\u00f3 que la idea era aprobar dicho documento en breve. \u201cUn a\u00f1o m\u00e1s tarde y ya en una nueva legislatura a\u00fan no se ha aprobado\u201d concluye.<\/span><\/p>\n<div class=\"yj6qo ajU\"><\/div>\n","protected":false},"excerpt":{"rendered":"<p>Santander, 25 de septiembre de 2019. El secretario general del PSOE y portavoz municipal en el Ayuntamiento de Santander, Pedro Casares, propondr\u00e1 en el pr\u00f3ximo Pleno Municipal, que se celebra este jueves 26 de septiembre, la aprobaci\u00f3n de una Ordenanza Reguladora del funcionamiento del Transporte p\u00fablico. Casares, que ha registrado una moci\u00f3n en este sentido, [&hellip;]<\/p>\n","protected":false},"author":1,"featured_media":4236,"comment_status":"open","ping_status":"closed","sticky":false,"template":"","format":"standard","meta":{"tdm_status":"","tdm_grid_status":"","footnotes":""},"categories":[20,16,25],"tags":[30,181,193,194],"class_list":["post-4261","post","type-post","status-publish","format-standard","has-post-thumbnail","hentry","category-santander","category-noticias-santander","category-actualidad","tag-santander","tag-pedro-casares","tag-ordenanza-reguladora","tag-transporte-publico"],"_links":{"self":[{"href":"https:\/\/www.psc-psoe.es\/index.php\/wp-json\/wp\/v2\/posts\/4261","targetHints":{"allow":["GET"]}}],"collection":[{"href":"https:\/\/www.psc-psoe.es\/index.php\/wp-json\/wp\/v2\/posts"}],"about":[{"href":"https:\/\/www.psc-psoe.es\/index.php\/wp-json\/wp\/v2\/types\/post"}],"author":[{"embeddable":true,"href":"https:\/\/www.psc-psoe.es\/index.php\/wp-json\/wp\/v2\/users\/1"}],"replies":[{"embeddable":true,"href":"https:\/\/www.psc-psoe.es\/index.php\/wp-json\/wp\/v2\/comments?post=4261"}],"version-history":[{"count":0,"href":"https:\/\/www.psc-psoe.es\/index.php\/wp-json\/wp\/v2\/posts\/4261\/revisions"}],"wp:featuredmedia":[{"embeddable":true,"href":"https:\/\/www.psc-psoe.es\/index.php\/wp-json\/wp\/v2\/media\/4236"}],"wp:attachment":[{"href":"https:\/\/www.psc-psoe.es\/index.php\/wp-json\/wp\/v2\/media?parent=4261"}],"wp:term":[{"taxonomy":"category","embeddable":true,"href":"https:\/\/www.psc-psoe.es\/index.php\/wp-json\/wp\/v2\/categories?post=4261"},{"taxonomy":"post_tag","embeddable":true,"href":"https:\/\/www.psc-psoe.es\/index.php\/wp-json\/wp\/v2\/tags?post=4261"}],"curies":[{"name":"wp","href":"https:\/\/api.w.org\/{rel}","templated":true}]}}