{"id":4257,"date":"2019-09-25T10:55:45","date_gmt":"2019-09-25T08:55:45","guid":{"rendered":"https:\/\/www.psc-psoe.es\/?p=4257"},"modified":"2019-09-25T10:59:25","modified_gmt":"2019-09-25T08:59:25","slug":"el-psoe-propone-desarrollar-una-estrategia-municipal-para-la-prevencion-de-suicidio","status":"publish","type":"post","link":"https:\/\/www.psc-psoe.es\/index.php\/2019\/09\/25\/el-psoe-propone-desarrollar-una-estrategia-municipal-para-la-prevencion-de-suicidio\/","title":{"rendered":"El PSOE propone desarrollar una estrategia municipal para la prevenci\u00f3n de suicidio"},"content":{"rendered":"<p><strong>Santander, 25 de septiembre de 2019.<\/strong> El Grupo Municipal Socialista del Ayuntamiento de Santander propondr\u00e1 desarrollar una estrategia municipal para la prevenci\u00f3n del suicidio, en el pr\u00f3ximo Pleno del Ayuntamiento, que se celebra este jueves 26 de septiembre.<\/p>\n<p>La concejala del PSOE, Ana Santurt\u00fan considera \u201cfundamental\u201d la integraci\u00f3n de la perspectiva de los t\u00e9cnicos del ayuntamiento y de profesionales expertos en suicidio, en la que la formaci\u00f3n y la sensibilizaci\u00f3n sean pilares primordiales.<\/p>\n<p>Todo ello, a juicio de la edil, \u201cexige un enfoque innovador, integral y multisectorial\u201d para hacer frente a la segunda causa de muerte en los adultos j\u00f3venes a nivel mundial y en Espa\u00f1a, la principal causa de muerte violenta seguida de los accidentes.<\/p>\n<p>De la misma forma, la concejala socialista quiere tambi\u00e9n que se refuerce la formaci\u00f3n de los trabajadores municipales, para que ante una situaci\u00f3n de emergencia, puedan evaluar el riesgo de suicidio y cuenten con los conocimientos y medios para actuar de forma efectiva.<\/p>\n<p>Santurt\u00fan solicita a su vez en el texto de la moci\u00f3n que el Gobierno de Cantabria avance en el desarrollo de un Plan Integral de Prevenci\u00f3n, con medidas, pol\u00edticas y programas concretos. Con especial incidencia en la poblaci\u00f3n adolescente y anciana as\u00ed como en las personas que presentan alg\u00fan trastorno mental, proporcionando pautas pr\u00e1cticas de actuaci\u00f3n.<\/p>\n<p>Como se\u00f1ala, en 2017, el Instituto Nacional de Estad\u00edstica registr\u00f3 3.679 suicidios en Espa\u00f1a. Por cada suicidio consumado se realizan en torno a 20 intentos de suicidio y, entre la poblaci\u00f3n general, un intento de suicidio no consumado es el factor individual de riesgo m\u00e1s importante en el suicidio.<\/p>\n<p>Asimismo, recuerda que en el partido judicial de Santander hubo entre 2014 y 2016 un promedio de 18 suicidios al a\u00f1o y no existe actualmente una estrategia de prevenci\u00f3n del suicidio.<\/p>\n<p>En este sentido, se\u00f1ala que la Organizaci\u00f3n Mundial de la Salud advierte de que aunque la prevenci\u00f3n del suicidio es compleja, es posible, y para abordarla hay que atender a 3 variables fundamentales: el correcto manejo terap\u00e9utico de los trastornos mentales, el control de factores de riesgo externos, y la educaci\u00f3n y sensibilizaci\u00f3n, siendo en este \u00faltimo punto en el que es fundamental trabajar desde las administraciones locales.<\/p>\n<p>Por \u00faltimo, Ana Santurt\u00fan segura que la educaci\u00f3n y sensibilizaci\u00f3n implican dar a conocer a la ciudadan\u00eda se\u00f1ales de conducta suicida, saber cu\u00e1ndo y c\u00f3mo hay que buscar ayuda y reducir el estigma asociado a ello.<\/p>\n<p>Medidas, todas ellas, que permitir\u00edan desmitificar la conducta suicida y derribar barreras que obstaculizan la detecci\u00f3n y el acceso a apoyo de quienes se encuentran en riesgo. <\/p>\n","protected":false},"excerpt":{"rendered":"<p>Santander, 25 de septiembre de 2019. El Grupo Municipal Socialista del Ayuntamiento de Santander propondr\u00e1 desarrollar una estrategia municipal para la prevenci\u00f3n del suicidio, en el pr\u00f3ximo Pleno del Ayuntamiento, que se celebra este jueves 26 de septiembre. La concejala del PSOE, Ana Santurt\u00fan considera \u201cfundamental\u201d la integraci\u00f3n de la perspectiva de los t\u00e9cnicos del [&hellip;]<\/p>\n","protected":false},"author":1,"featured_media":4259,"comment_status":"open","ping_status":"closed","sticky":false,"template":"","format":"standard","meta":{"tdm_status":"","tdm_grid_status":"","footnotes":""},"categories":[20,16,6,25],"tags":[],"class_list":["post-4257","post","type-post","status-publish","format-standard","has-post-thumbnail","hentry","category-santander","category-noticias-santander","category-agrupaciones","category-actualidad"],"_links":{"self":[{"href":"https:\/\/www.psc-psoe.es\/index.php\/wp-json\/wp\/v2\/posts\/4257","targetHints":{"allow":["GET"]}}],"collection":[{"href":"https:\/\/www.psc-psoe.es\/index.php\/wp-json\/wp\/v2\/posts"}],"about":[{"href":"https:\/\/www.psc-psoe.es\/index.php\/wp-json\/wp\/v2\/types\/post"}],"author":[{"embeddable":true,"href":"https:\/\/www.psc-psoe.es\/index.php\/wp-json\/wp\/v2\/users\/1"}],"replies":[{"embeddable":true,"href":"https:\/\/www.psc-psoe.es\/index.php\/wp-json\/wp\/v2\/comments?post=4257"}],"version-history":[{"count":0,"href":"https:\/\/www.psc-psoe.es\/index.php\/wp-json\/wp\/v2\/posts\/4257\/revisions"}],"wp:featuredmedia":[{"embeddable":true,"href":"https:\/\/www.psc-psoe.es\/index.php\/wp-json\/wp\/v2\/media\/4259"}],"wp:attachment":[{"href":"https:\/\/www.psc-psoe.es\/index.php\/wp-json\/wp\/v2\/media?parent=4257"}],"wp:term":[{"taxonomy":"category","embeddable":true,"href":"https:\/\/www.psc-psoe.es\/index.php\/wp-json\/wp\/v2\/categories?post=4257"},{"taxonomy":"post_tag","embeddable":true,"href":"https:\/\/www.psc-psoe.es\/index.php\/wp-json\/wp\/v2\/tags?post=4257"}],"curies":[{"name":"wp","href":"https:\/\/api.w.org\/{rel}","templated":true}]}}