{"id":4247,"date":"2019-09-24T11:37:54","date_gmt":"2019-09-24T09:37:54","guid":{"rendered":"https:\/\/www.psc-psoe.es\/?p=4247"},"modified":"2019-09-24T14:31:34","modified_gmt":"2019-09-24T12:31:34","slug":"el-psoe-denuncia-nuevas-facturas-en-el-cajon-por-valor-de-251-629-euros","status":"publish","type":"post","link":"https:\/\/www.psc-psoe.es\/index.php\/2019\/09\/24\/el-psoe-denuncia-nuevas-facturas-en-el-cajon-por-valor-de-251-629-euros\/","title":{"rendered":"El PSOE denuncia nuevas facturas en el caj\u00f3n por valor de 251.629 euros"},"content":{"rendered":"<p style=\"text-align: justify;\"><strong>24 de septiembre de 2019. <\/strong>La vicesecretaria general del PSOE y portavoz adjunta en el ayuntamiento de Santander, Ainoa Qui\u00f1ones, denuncia nuevas facturas en el caj\u00f3n por valor de 251.629 euros.<\/p>\n<p style=\"text-align: justify;\">Qui\u00f1ones critica que \u201cmal comienza la legislatura\u201d con el reconocimiento extrajudicial de cr\u00e9ditos para la atenci\u00f3n de gastos de prestaciones realizadas en favor del Ayuntamiento con omisi\u00f3n de tramites esenciales en la normativa de contratos.<\/p>\n<p style=\"text-align: justify;\">De los cuales 219.523 euros son por contratos de servicios en vigor que han excedido en plazo de los mismos, 32.106 euros por prestaci\u00f3n de servicios de los que no se ha tramitado el oportuno expediente de contrataci\u00f3n.<\/p>\n<p style=\"text-align: justify;\">\u201cEs grav\u00edsimo\u201d, a juicio de Qui\u00f1ones, que servicios \u201cb\u00e1sicos\u201d, del \u201cd\u00eda a d\u00eda\u201d de un ayuntamiento, como el servicio de limpieza en las instalaciones municipales, por importe de 36.125 euros, no hubiera ya pr\u00f3rrogas legales a los contratos anteriores \u201cpor haber excedido todos los plazos\u201d. \u201cDa idea del caos y el desorden con el que gobiernan\u201d enfatiza.<\/p>\n<p style=\"text-align: justify;\">En este sentido, Qui\u00f1ones asegura que es \u201cuna absoluta irresponsabilidad, que evidencia una vez m\u00e1s la mala gesti\u00f3n municipal del PP\u201d, al incumplir \u201cde forma reiterada\u201d la Ley de Contratos del Sector P\u00fablico.<\/p>\n<p style=\"text-align: justify;\">Tambi\u00e9n es \u201cincre\u00edble\u201d que el servicio de administraci\u00f3n y mantenimiento de servicios inform\u00e1ticos, que es un servicio \u201cesencial\u201d para el funcionamiento y la gesti\u00f3n municipal, finalizar\u00e1 en marzo de 2018, \u201chace m\u00e1s de un a\u00f1o y medio\u201d y se haya agotado el plazo incluso de la prorroga excepcional.<\/p>\n<p style=\"text-align: justify;\">\u201cTodo esto a la vez que informan, por ejemplo, de un colapso en el servicio de contrataci\u00f3n, lo cual demuestra la gravedad que tiene la mala gesti\u00f3n y el desorden con el que se est\u00e1 gobernando este ayuntamiento\u201d dice.<\/p>\n<p style=\"text-align: justify;\">La n\u00famero dos de los socialistas santanderinos pide que, de cara a la elaboraci\u00f3n del Presupuesto Municipal para 2020, la competencia para el reconocimiento extrajudicial de cr\u00e9ditos \u201cvuelva a su origen, al Pleno Municipal, en el que est\u00e1n representados todos los miembros de la Corporaci\u00f3n, y por tanto todos los representantes de los santanderinos\u201d.<\/p>\n<p style=\"text-align: justify;\">Para Qui\u00f1ones, \u201ces la oportunidad\u201d de demostrar que el nuevo equipo de gobierno, del PP y Ciudadanos, tiene intenci\u00f3n de gobernar \u201cde otra forma\u201d. Acabando con la falta absoluta de transparencia que se produjo durante la pasada legislatura, tras una modificaci\u00f3n en las bases de ejecuci\u00f3n de los presupuestos, que fue aprobada por el PP y con los votos en contra del PSOE y del resto de la oposici\u00f3n, \u201cque les permite que no sea necesario dar cuenta de estos reconocimientos extrajudiciales en el Pleno\u201d.<\/p>\n<p style=\"text-align: justify;\">Finalmente, Qui\u00f1ones pide que se recupere esta competencia por el Pleno porque \u201cel PP trata de esconder hechos muy preocupantes como es que algunos de esos gastos no se han realizado conforme al procedimiento legalmente establecido\u201d, tal y como se\u00f1ala el informe del propio interventor.<\/p>\n","protected":false},"excerpt":{"rendered":"<p>24 de septiembre de 2019. La vicesecretaria general del PSOE y portavoz adjunta en el ayuntamiento de Santander, Ainoa Qui\u00f1ones, denuncia nuevas facturas en el caj\u00f3n por valor de 251.629 euros. Qui\u00f1ones critica que \u201cmal comienza la legislatura\u201d con el reconocimiento extrajudicial de cr\u00e9ditos para la atenci\u00f3n de gastos de prestaciones realizadas en favor del [&hellip;]<\/p>\n","protected":false},"author":1,"featured_media":4249,"comment_status":"open","ping_status":"closed","sticky":false,"template":"","format":"standard","meta":{"tdm_status":"","tdm_grid_status":"","footnotes":""},"categories":[20,1,6,25],"tags":[30,188,189,190,191],"class_list":["post-4247","post","type-post","status-publish","format-standard","has-post-thumbnail","hentry","category-santander","category-uncategorized","category-agrupaciones","category-actualidad","tag-santander","tag-ayuntamiento","tag-facturas","tag-administracion","tag-gestion-municipal"],"_links":{"self":[{"href":"https:\/\/www.psc-psoe.es\/index.php\/wp-json\/wp\/v2\/posts\/4247","targetHints":{"allow":["GET"]}}],"collection":[{"href":"https:\/\/www.psc-psoe.es\/index.php\/wp-json\/wp\/v2\/posts"}],"about":[{"href":"https:\/\/www.psc-psoe.es\/index.php\/wp-json\/wp\/v2\/types\/post"}],"author":[{"embeddable":true,"href":"https:\/\/www.psc-psoe.es\/index.php\/wp-json\/wp\/v2\/users\/1"}],"replies":[{"embeddable":true,"href":"https:\/\/www.psc-psoe.es\/index.php\/wp-json\/wp\/v2\/comments?post=4247"}],"version-history":[{"count":0,"href":"https:\/\/www.psc-psoe.es\/index.php\/wp-json\/wp\/v2\/posts\/4247\/revisions"}],"wp:featuredmedia":[{"embeddable":true,"href":"https:\/\/www.psc-psoe.es\/index.php\/wp-json\/wp\/v2\/media\/4249"}],"wp:attachment":[{"href":"https:\/\/www.psc-psoe.es\/index.php\/wp-json\/wp\/v2\/media?parent=4247"}],"wp:term":[{"taxonomy":"category","embeddable":true,"href":"https:\/\/www.psc-psoe.es\/index.php\/wp-json\/wp\/v2\/categories?post=4247"},{"taxonomy":"post_tag","embeddable":true,"href":"https:\/\/www.psc-psoe.es\/index.php\/wp-json\/wp\/v2\/tags?post=4247"}],"curies":[{"name":"wp","href":"https:\/\/api.w.org\/{rel}","templated":true}]}}